{"id":651319,"date":"2026-01-09T09:00:16","date_gmt":"2026-01-09T09:00:16","guid":{"rendered":"https:\/\/www.europesays.com\/fr\/651319\/"},"modified":"2026-01-09T09:00:16","modified_gmt":"2026-01-09T09:00:16","slug":"nancy-2026-rever-dune-vraie-campagne-municipale","status":"publish","type":"post","link":"https:\/\/www.europesays.com\/fr\/651319\/","title":{"rendered":"Nancy 2026 : r\u00eaver d\u2019une vraie campagne municipale"},"content":{"rendered":"<p>Rien de tel qu\u2019un peu d\u2019imagination pour se r\u00e9chauffer en <a href=\"https:\/\/www.lasemaine.fr\/societe\/neige-verglas-circulation-des-poids-lourds-une-exception-en-lorraine\/\" data-type=\"post\" data-id=\"410048\" target=\"_blank\" rel=\"noopener\">cette rentr\u00e9e glaciale.<\/a> Se projeter quelques jours avant l\u2019arriv\u00e9e du printemps, sur le ring politique, \u00e0 l\u2019aube du deuxi\u00e8me tour des \u00e9lections municipales \u00e0 Nancy.<\/p>\n<p>R\u00eavons un peu\u00a0: nous sommes fin mars, depuis quelques semaines, toute la ville vibre au rythme d\u2019une campagne sans pr\u00e9c\u00e9dent. Un vrai r\u00e9veil de l\u2019engagement citoyen est venu donner un coup de fouet \u00e0 une campagne qui s\u2019endormait, les candidats favoris ayant retard\u00e9 chacun l\u2019\u00e9ch\u00e9ance de la d\u00e9claration officielle de leur candidature. Une strat\u00e9gie de torpeur qui aurait pu leur \u00eatre fatale et qui avait aliment\u00e9 les rumeurs, les doutes.<\/p>\n<p>\u00ab\u00a0Un clivage gauche-droite enfin lisible \u00bb<\/p>\n<p>Mais au mois de janvier tout s\u2019\u00e9tait acc\u00e9l\u00e9r\u00e9\u00a0: tour \u00e0 tour le maire sortant et l\u2019ancien maire s\u2019\u00e9taient d\u00e9clar\u00e9 candidats. Union de la droite et du centre, contre <a href=\"https:\/\/www.lasemaine.fr\/politique\/municipales-2026-a-nancy-le-parti-radical-de-gauche-rejoint-lunion-de-la-gauche\/\" data-type=\"post\" data-id=\"409752\" target=\"_blank\" rel=\"noopener\">union de la gauche.<\/a> Les extr\u00eames dans leur coin, presque hors course d\u2019embl\u00e9e, laissaient place \u00e0 un clivage gauche-droite enfin lisible. Dix ans apr\u00e8s\u00a0l\u2019av\u00e8nement du macronisme et sa volont\u00e9 de gommer les diff\u00e9rences, le citoyen s\u2019y retrouvait enfin. En prime, l\u2019\u00e9lection municipale 2026 offrait un combat des chefs, le m\u00eame qui nous \u00e9tait promis en 2020. Avant que la crise du Covid ne vienne\u00a0geler le d\u00e9bat. La campagne interrompue net \u00e0 la mi-mars, les r\u00e9unions publiques annul\u00e9es, les \u00e9changes de terrain rendus impossibles. \u00c0 Nancy comme ailleurs, la politique locale s\u2019\u00e9tait retrouv\u00e9e rel\u00e9gu\u00e9e au second plan, \u00e9clips\u00e9e par l\u2019angoisse sanitaire.<\/p>\n<p>Mais le printemps 2026 est \u00e0 la hauteur des promesses. Pour la troisi\u00e8me fois de son histoire municipale, Nancy voit s\u2019affronter l\u2019ancien dauphin d\u2019Andr\u00e9 Rossinot et celui de Michel Dinet. Les deux h\u00e9ritiers se sont \u00e9mancip\u00e9s, leurs caract\u00e8res se sont affirm\u00e9s. Leurs militants ont retrouv\u00e9 des couleurs et de l\u2019entrain sur les r\u00e9seaux. Et miracle, le ton de la campagne est respectueux, montr\u00e9 en exemple partout en France. Le premier tour a laiss\u00e9 les deux candidats au coude \u00e0 coude. Tout se joue dans quelques jours\u2026 Et si c\u2019\u00e9tait vrai\u00a0?<\/p>\n","protected":false},"excerpt":{"rendered":"Rien de tel qu\u2019un peu d\u2019imagination pour se r\u00e9chauffer en cette rentr\u00e9e glaciale. Se projeter quelques jours avant&hellip;\n","protected":false},"author":2,"featured_media":651320,"comment_status":"","ping_status":"","sticky":false,"template":"","format":"standard","meta":{"footnotes":""},"categories":[9635],"tags":[1111,11,1777,674,1011,27,775,1702,12,25],"class_list":{"0":"post-651319","1":"post","2":"type-post","3":"status-publish","4":"format-standard","5":"has-post-thumbnail","7":"category-nancy","8":"tag-actu","9":"tag-actualites","10":"tag-eu","11":"tag-europe","12":"tag-fr","13":"tag-france","14":"tag-grand-est","15":"tag-nancy","16":"tag-news","17":"tag-republique-francaise"},"share_on_mastodon":{"url":"https:\/\/pubeurope.com\/@fr\/115864326849008645","error":""},"_links":{"self":[{"href":"https:\/\/www.europesays.com\/fr\/wp-json\/wp\/v2\/posts\/651319","targetHints":{"allow":["GET"]}}],"collection":[{"href":"https:\/\/www.europesays.com\/fr\/wp-json\/wp\/v2\/posts"}],"about":[{"href":"https:\/\/www.europesays.com\/fr\/wp-json\/wp\/v2\/types\/post"}],"author":[{"embeddable":true,"href":"https:\/\/www.europesays.com\/fr\/wp-json\/wp\/v2\/users\/2"}],"replies":[{"embeddable":true,"href":"https:\/\/www.europesays.com\/fr\/wp-json\/wp\/v2\/comments?post=651319"}],"version-history":[{"count":0,"href":"https:\/\/www.europesays.com\/fr\/wp-json\/wp\/v2\/posts\/651319\/revisions"}],"wp:featuredmedia":[{"embeddable":true,"href":"https:\/\/www.europesays.com\/fr\/wp-json\/wp\/v2\/media\/651320"}],"wp:attachment":[{"href":"https:\/\/www.europesays.com\/fr\/wp-json\/wp\/v2\/media?parent=651319"}],"wp:term":[{"taxonomy":"category","embeddable":true,"href":"https:\/\/www.europesays.com\/fr\/wp-json\/wp\/v2\/categories?post=651319"},{"taxonomy":"post_tag","embeddable":true,"href":"https:\/\/www.europesays.com\/fr\/wp-json\/wp\/v2\/tags?post=651319"}],"curies":[{"name":"wp","href":"https:\/\/api.w.org\/{rel}","templated":true}]}}