{"id":65132,"date":"2025-04-30T19:35:09","date_gmt":"2025-04-30T19:35:09","guid":{"rendered":"https:\/\/www.europesays.com\/fr\/65132\/"},"modified":"2025-04-30T19:35:09","modified_gmt":"2025-04-30T19:35:09","slug":"jaminet-absent-plusieurs-semaines-apres-une-fracture-au-visage","status":"publish","type":"post","link":"https:\/\/www.europesays.com\/fr\/65132\/","title":{"rendered":"Jaminet absent plusieurs semaines apr\u00e8s une fracture au visage"},"content":{"rendered":"<p>Bless\u00e9 lors de la rencontre face \u00e0 Vannes samedi pour la 22e journ\u00e9e de Top 14 \u00e0 la suite d&rsquo;un choc avec son co\u00e9quipier Swan Rebbadj, <a href=\"https:\/\/fr.news.yahoo.com\/sport\/top-14-laccord-financier-entre-133915393.html\" data-ylk=\"slk:Melvyn Jaminet;elm:context_link;itc:0;sec:content-canvas;outcm:mb_qualified_link;_E:mb_qualified_link;ct:story;\" class=\"link  yahoo-link\" target=\"_blank\" rel=\"noopener\">Melvyn Jaminet<\/a> a d&rsquo;abord quitt\u00e9 le terrain sur une civi\u00e8re pour une commotion c\u00e9r\u00e9brale, avant de subir une intervention chirurgicale ce mardi. <br \/>\u00ab\u00a0L&rsquo;arri\u00e8re international entame d\u00e9sormais sa phase de r\u00e9cup\u00e9ration, avec un retour \u00e0 la comp\u00e9tition envisag\u00e9 dans les prochaines semaines\u00a0\u00bb, indique le RC Toulon dans le communiqu\u00e9.<\/p>\n<p>Le buteur varois manquera le prochain match du RCT face \u00e0 son ancien club, le Stade Toulousain, le 10 mai prochain au Stade V\u00e9lodrome (21h05) pour la 23\u00e8me journ\u00e9e de Top 14, un peu plus d&rsquo;un mois apr\u00e8s s&rsquo;\u00eatre inclin\u00e9 contre Toulouse <a href=\"https:\/\/rmcsport.bfmtv.com\/rugby\/toulon-18-21-toulouse-une-defaite-cruelle-et-pleine-d-espoir-mignoni-ne-veut-pas-etre-triste_VN-202504130339.html\" rel=\"nofollow noopener\" target=\"_blank\" data-ylk=\"slk:en quart de Champions Cup (21-18) \u00e0 F\u00e9lix-Mayol;elm:context_link;itc:0;sec:content-canvas\" class=\"link \">en quart de Champions Cup (21-18) \u00e0 F\u00e9lix-Mayol<\/a>.<br \/>Le talonneur international italien de Toulon Gianmarco Lucchesi (24 ans, 33 s\u00e9lections), victime d&rsquo;une rupture du ligament crois\u00e9 d&rsquo;un genou face aux Saracens en huiti\u00e8me de finale de Champions Cup, a \u00e9t\u00e9 op\u00e9r\u00e9 mardi et manquera lui la fin de saison. Ces absences viennent s&rsquo;ajouter \u00e0 celles du troisi\u00e8me ligne Charles Ollivon, dont la saison est termin\u00e9e \u00e0 cause d&rsquo;une rupture du ligament crois\u00e9 d&rsquo;un genou, et du trois-quarts centre Antoine Frisch, bless\u00e9 \u00e0 un pied.<\/p>\n<p><a href=\"https:\/\/rmcsport.bfmtv.com\/rugby\/top-14\/toulon-jaminet-absent-plusieurs-semaines-apres-une-fracture-au-visage_AV-202504300782.html#xtor=AL-68\" rel=\"nofollow noopener\" target=\"_blank\" data-ylk=\"slk:Article original publi\u00e9 sur RMC Sport;elm:context_link;itc:0;sec:content-canvas\" class=\"link \">Article original publi\u00e9 sur RMC Sport<\/a><\/p>\n","protected":false},"excerpt":{"rendered":"Bless\u00e9 lors de la rencontre face \u00e0 Vannes samedi pour la 22e journ\u00e9e de Top 14 \u00e0 la&hellip;\n","protected":false},"author":2,"featured_media":65133,"comment_status":"","ping_status":"","sticky":false,"template":"","format":"standard","meta":{"footnotes":""},"categories":[9619],"tags":[1111,11,1777,674,1011,27,16471,16474,16472,13084,12,882,25,16473,2310,2312],"class_list":{"0":"post-65132","1":"post","2":"type-post","3":"status-publish","4":"format-standard","5":"has-post-thumbnail","7":"category-toulon","8":"tag-actu","9":"tag-actualites","10":"tag-eu","11":"tag-europe","12":"tag-fr","13":"tag-france","14":"tag-huitieme-de-finale","15":"tag-le-buteur","16":"tag-ligament-croise","17":"tag-melvyn-jaminet","18":"tag-news","19":"tag-provence-alpes-cote-dazur","20":"tag-republique-francaise","21":"tag-swan-rebbadj","22":"tag-toulon","23":"tag-toulouse"},"share_on_mastodon":{"url":"https:\/\/pubeurope.com\/@fr\/114428596978595766","error":""},"_links":{"self":[{"href":"https:\/\/www.europesays.com\/fr\/wp-json\/wp\/v2\/posts\/65132","targetHints":{"allow":["GET"]}}],"collection":[{"href":"https:\/\/www.europesays.com\/fr\/wp-json\/wp\/v2\/posts"}],"about":[{"href":"https:\/\/www.europesays.com\/fr\/wp-json\/wp\/v2\/types\/post"}],"author":[{"embeddable":true,"href":"https:\/\/www.europesays.com\/fr\/wp-json\/wp\/v2\/users\/2"}],"replies":[{"embeddable":true,"href":"https:\/\/www.europesays.com\/fr\/wp-json\/wp\/v2\/comments?post=65132"}],"version-history":[{"count":0,"href":"https:\/\/www.europesays.com\/fr\/wp-json\/wp\/v2\/posts\/65132\/revisions"}],"wp:featuredmedia":[{"embeddable":true,"href":"https:\/\/www.europesays.com\/fr\/wp-json\/wp\/v2\/media\/65133"}],"wp:attachment":[{"href":"https:\/\/www.europesays.com\/fr\/wp-json\/wp\/v2\/media?parent=65132"}],"wp:term":[{"taxonomy":"category","embeddable":true,"href":"https:\/\/www.europesays.com\/fr\/wp-json\/wp\/v2\/categories?post=65132"},{"taxonomy":"post_tag","embeddable":true,"href":"https:\/\/www.europesays.com\/fr\/wp-json\/wp\/v2\/tags?post=65132"}],"curies":[{"name":"wp","href":"https:\/\/api.w.org\/{rel}","templated":true}]}}