{"id":651321,"date":"2026-01-09T09:01:22","date_gmt":"2026-01-09T09:01:22","guid":{"rendered":"https:\/\/www.europesays.com\/fr\/651321\/"},"modified":"2026-01-09T09:01:22","modified_gmt":"2026-01-09T09:01:22","slug":"le-tribunal-des-activites-economiques-de-nancy-en-audience-solennelle-le-15-janvier","status":"publish","type":"post","link":"https:\/\/www.europesays.com\/fr\/651321\/","title":{"rendered":"Le tribunal des activit\u00e9s \u00e9conomiques de Nancy en audience solennelle le 15 janvier"},"content":{"rendered":"<p>Audience solennelle de rentr\u00e9e en vue pour la justice commerciale nanc\u00e9ienne ! Le 15 janvier les juges consulaires de l\u2019aujourd\u2019hui tribunal des activit\u00e9s \u00e9conomiques (TAE) et son pr\u00e9sident, Yves Lesage, passeront au crible l\u2019ann\u00e9e judiciaire \u00e9coul\u00e9e.<\/p>\n<p>L\u2019occasion de faire le bilan de la premi\u00e8re ann\u00e9e d\u2019activit\u00e9 sous la forme de TAE.<\/p>\n<p>Nancy fait partie des douze juridictions fran\u00e7aises avec Avignon, Auxerre, Le Havre, Le Mans, Limoges, Lyon, Marseille, Nanterre, Paris, Saint-Brieuc et Versailles, \u00e0 exp\u00e9rimenter ce nouveau dispositif.<\/p>\n<p>Souhait\u00e9 par le l\u00e9gislateur dans le cadre de la loi d\u2019orientation et de programmation du minist\u00e8re de la Justice, cette exp\u00e9rimentation va durer encore trois ans. Un comit\u00e9, compos\u00e9 d\u2019experts et de parlementaires remettra un rapport d\u2019\u00e9valuation au Parlement avant le 1er juillet 2028.<\/p>\n<p>Objectif : mesurer l\u2019int\u00e9r\u00eat d\u2019avoir un seul tribunal pour traiter l\u2019ensemble des proc\u00e9dures amiables et collectives des professionnels dont l\u2019activit\u00e9 rencontre des difficult\u00e9s. Une comp\u00e9tence auparavant partag\u00e9e entre le tribunal de commerce et le tribunal judiciaire.<\/p>\n<p>L\u2019audience solennelle de rentr\u00e9e verra \u00e9galement l\u2019installation de cinq nouveaux juges consulaires : Albanse Millot, Anne-Marie Vieu, Jean-Maurice Nesme, Sophie Lehe et Laurent Pier\u00e7on. <\/p>\n","protected":false},"excerpt":{"rendered":"Audience solennelle de rentr\u00e9e en vue pour la justice commerciale nanc\u00e9ienne ! Le 15 janvier les juges consulaires&hellip;\n","protected":false},"author":2,"featured_media":651322,"comment_status":"","ping_status":"","sticky":false,"template":"","format":"standard","meta":{"footnotes":""},"categories":[9635],"tags":[1111,11,1777,674,1011,27,775,1702,12,25],"class_list":{"0":"post-651321","1":"post","2":"type-post","3":"status-publish","4":"format-standard","5":"has-post-thumbnail","7":"category-nancy","8":"tag-actu","9":"tag-actualites","10":"tag-eu","11":"tag-europe","12":"tag-fr","13":"tag-france","14":"tag-grand-est","15":"tag-nancy","16":"tag-news","17":"tag-republique-francaise"},"share_on_mastodon":{"url":"https:\/\/pubeurope.com\/@fr\/115864330707273527","error":""},"_links":{"self":[{"href":"https:\/\/www.europesays.com\/fr\/wp-json\/wp\/v2\/posts\/651321","targetHints":{"allow":["GET"]}}],"collection":[{"href":"https:\/\/www.europesays.com\/fr\/wp-json\/wp\/v2\/posts"}],"about":[{"href":"https:\/\/www.europesays.com\/fr\/wp-json\/wp\/v2\/types\/post"}],"author":[{"embeddable":true,"href":"https:\/\/www.europesays.com\/fr\/wp-json\/wp\/v2\/users\/2"}],"replies":[{"embeddable":true,"href":"https:\/\/www.europesays.com\/fr\/wp-json\/wp\/v2\/comments?post=651321"}],"version-history":[{"count":0,"href":"https:\/\/www.europesays.com\/fr\/wp-json\/wp\/v2\/posts\/651321\/revisions"}],"wp:featuredmedia":[{"embeddable":true,"href":"https:\/\/www.europesays.com\/fr\/wp-json\/wp\/v2\/media\/651322"}],"wp:attachment":[{"href":"https:\/\/www.europesays.com\/fr\/wp-json\/wp\/v2\/media?parent=651321"}],"wp:term":[{"taxonomy":"category","embeddable":true,"href":"https:\/\/www.europesays.com\/fr\/wp-json\/wp\/v2\/categories?post=651321"},{"taxonomy":"post_tag","embeddable":true,"href":"https:\/\/www.europesays.com\/fr\/wp-json\/wp\/v2\/tags?post=651321"}],"curies":[{"name":"wp","href":"https:\/\/api.w.org\/{rel}","templated":true}]}}