{"id":651325,"date":"2026-01-09T09:04:12","date_gmt":"2026-01-09T09:04:12","guid":{"rendered":"https:\/\/www.europesays.com\/fr\/651325\/"},"modified":"2026-01-09T09:04:12","modified_gmt":"2026-01-09T09:04:12","slug":"sortir-a-montpellier-tendre-geant-bollywood-qui-vive-facon-facon-des-idees-pour-ce-samedi-10-janvier","status":"publish","type":"post","link":"https:\/\/www.europesays.com\/fr\/651325\/","title":{"rendered":"Sortir \u00e0 Montpellier\u00a0: Tendre G\u00e9ant, Bollywood, Qui Vive, Fa\u00e7on Fa\u00e7on\u2026 des id\u00e9es pour ce samedi 10\u00a0janvier"},"content":{"rendered":"<p>\n                                                                Tendre G\u00e9ant \u00e0 la Vista, lectures pour enfants \u00e0 Sauramps, visite m\u00e9morielle de Montpellier, Qui Vive\u00a0! au th\u00e9\u00e2tre des 13 Vents, nouveaut\u00e9 de Bollywood au cin\u00e9ma Path\u00e9 Com\u00e9die, Harmonie en trio au Corum ou chant-signe avec Fa\u00e7on Fa\u00e7on au Quartier G\u00e9n\u00e9reux.\n                            <\/p>\n<p>D\u00e9couvrez notre s\u00e9lection de sorties pour ce samedi 10\u00a0janvier 2026 du c\u00f4t\u00e9 de <a href=\"https:\/\/www.midilibre.fr\/herault\/montpellier\/\" target=\"_blank\" rel=\"noopener\">Montpellier<\/a> et faites le plein d\u2019id\u00e9es avec <a href=\"https:\/\/www.midilibre.fr\/agenda\/?path=&amp;q=&amp;where=herault%3Amontpellier&amp;insee=34172&amp;from=2026-01-10&amp;to=2026-01-10&amp;agendapg=16#2145833\" target=\"_blank\" rel=\"noopener\">notre agenda en ligne<\/a>.<\/p>\n<p>Tendre G\u00e9ant<\/p>\n<p>        <img decoding=\"async\" class=\"std-img__img responsive-img\" src=\"https:\/\/www.europesays.com\/fr\/wp-content\/uploads\/2026\/01\/1767949451_25_image.jpg\" alt=\"Tendre G\u00e9ant de Justine Descarsin est produit par le Centre Pompidou.\"\/><\/p>\n<p>                Tendre G\u00e9ant de Justine Descarsin est produit par le Centre Pompidou.<br \/>\n                                    D.R.<\/p>\n<p><strong>Station b\u00e9b\u00e9 mobile<\/strong> #6. De 0 \u00e0 2 ans (45 mn).\u00a0Pour les tout-petits et leurs parents, la designer textile Justine Decarsin imagine des tableaux vivants, tendres et douillets, habits aux mille couleurs de l\u2019arc-en-ciel\u00a0: venez d\u00e9couvrir et jouer avec une garde-robe pas comme les autres\u00a0!<\/p>\n<p>&gt;\u00a0Ce samedi 10\u00a0janvier \u00e0 <strong>9\u00a0h\u00a030<\/strong> et \u00e0 <strong>10\u00a0h\u00a030<\/strong> au <a href=\"https:\/\/www.theatrelavista.fr\/\" target=\"_blank\" rel=\"noopener\">th\u00e9\u00e2tre La Vista \u2013 La Chapelle<\/a>, 170 rue Joachim-du-Bellay \u00e0 <a href=\"https:\/\/www.midilibre.fr\/herault\/montpellier\/\" target=\"_blank\" rel=\"noopener\">Montpellier<\/a>. Gratuit sur r\u00e9servation au 04\u00a099\u00a052\u00a099\u00a031.<\/p>\n<p>Lectures pour les enfants<\/p>\n<p>        <img decoding=\"async\" class=\"std-img__img responsive-img\" src=\"https:\/\/www.europesays.com\/fr\/wp-content\/uploads\/2026\/01\/1767949452_413_image.png\" alt=\"Une s\u00e9ance de lectures d\u2019albums pour les enfants de 0 \u00e0 6 ans.\"\/><\/p>\n<p>                Une s\u00e9ance de lectures d\u2019albums pour les enfants de 0 \u00e0 6 ans.<br \/>\n                                    D.R.<\/p>\n<p><strong>Livres. <\/strong>En partenariat avec l\u2019association Lire et faire lire, la librairie Sauramps propose une s\u00e9ance de lectures d\u2019albums pour les enfants de 0 \u00e0 6 ans.<\/p>\n<p>&gt;\u00a0Ce\u00a0samedi 10\u00a0janvier \u00e0 <strong>11\u00a0heures<\/strong> \u00e0 la <a href=\"https:\/\/www.sauramps.com\/post\/2857\/jeunesse-lectures-pour-les-enfants-sauramps-comedie\" target=\"_blank\" rel=\"noopener\">librairie Sauramps Com\u00e9die<\/a>, all\u00e9e Jules-Milhau \u00e0 <a href=\"https:\/\/www.midilibre.fr\/herault\/montpellier\/\" target=\"_blank\" rel=\"noopener\">Montpellier<\/a>. Gratuit, entr\u00e9e libre sans inscription. Contact au\u00a004\u00a067\u00a006\u00a078\u00a078.<\/p>\n<p>\u00ab\u00a0Montpellier, de l\u2019occupation \u00e0 la Lib\u00e9ration en 1944\u00a0\u00bb<\/p>\n<p><strong>Visite guid\u00e9e.\u00a0<\/strong>En partant de la facult\u00e9 de m\u00e9decine, o\u00f9 sera \u00e9voqu\u00e9e l\u2019implication des universitaires, le parcours commentera la situation des Juifs et fera revivre Montpellier sous l\u2019Occupation \u00e0 travers des t\u00e9moignages de ses habitants. Jean Moulin et sa s\u0153ur Laure auront bien s\u00fbr une place importante dans cette visite qui vous permettra de d\u00e9couvrir la cour de l\u2019H\u00f4tel de Rey o\u00f9 ils v\u00e9curent.<\/p>\n<p>&gt;\u00a0Ce samedi 10\u00a0janvier de <strong>15\u00a0h \u00e0 17\u00a0heures<\/strong> au d\u00e9part de l\u2019ancienne facult\u00e9 de m\u00e9decine, 2 rue de l\u2019\u00c9cole de M\u00e9decine \u00e0 <a href=\"https:\/\/www.midilibre.fr\/herault\/montpellier\/\" target=\"_blank\" rel=\"noopener\">Montpellier<\/a>. Plein tarif 10\u00a0\u20ac, tarif r\u00e9duit 10\u00a0\u20ac, sur r\u00e9servation obligatoire aupr\u00e8s de l\u2019<a href=\"https:\/\/www.montpellier-tourisme.fr\/agenda\/tout-l-agenda\/montpellier-de-loccupation-a-la-liberation-en-1944-montpellier-fr-5982995\/\" target=\"_blank\" rel=\"noopener\">office de tourisme de Montpellier<\/a>. Contact au\u00a004\u00a067\u00a060\u00a060\u00a060.<\/p>\n<p>Qui Vive\u00a0!<\/p>\n<p><strong>Rencontres.<\/strong> \u00c0 16\u00a0heures, \u00ab\u00a0Les grandes ruptures\u00a0\u00bb\u00a0: Olivier Neveux, chercheur au sein de l\u2019Ensemble Associ\u00e9, professeur d\u2019histoire et d\u2019esth\u00e9tique du th\u00e9\u00e2tre \u00e0 l\u2019ENS de Lyon, propose un s\u00e9minaire mensuel. \u00c0 17\u00a0h\u00a030, projection \u00ab\u00a0Jean Genet, Testament audiovisuel\u00a0\u00bb d\u2019Antoine Bourseiller \u2013 extrait (sous r\u00e9serve), suivie d\u2019une discussion avec C\u00e9dric Gourmelon. \u00c0 19\u00a0heures, rencontre suivie d\u2019un \u00e9change avec Genevi\u00e8ve Fraisse, philosophe de la pens\u00e9e f\u00e9ministe, directrice de recherche \u00e9m\u00e9rite au CNRS.<\/p>\n<p>&gt;\u00a0Ce\u00a0samedi 10\u00a0janvier \u00e0 <strong>16\u00a0heures<\/strong> au <a href=\"https:\/\/www.13vents.fr\/\" target=\"_blank\" rel=\"noopener\">th\u00e9\u00e2tre des 13 vents<\/a>, avenue Albert-Einstein \u00e0 <a href=\"https:\/\/www.midilibre.fr\/herault\/montpellier\/\" target=\"_blank\" rel=\"noopener\">Montpellier.<\/a>\u00a0Entr\u00e9e libre <a href=\"https:\/\/www.13vents.fr\/qui-vive-janvier-2026\/\" target=\"_blank\" rel=\"noopener\">sur r\u00e9servation<\/a>. Bar et restauration \u00e0 petit prix. Contact au\u00a004\u00a067\u00a099\u00a025\u00a000.<\/p>\n<p>Bollywood\u00a0: \u00ab\u00a0Jana Nayagan\u00a0\u00bb (version tamoul)<\/p>\n<p><strong>Cin\u00e9ma.<\/strong> Action, drame, thriller (3h06, VOST) de H. Vinoth, avec Vijay, Pooja Hegde, Mamitha Baiju. Choc des id\u00e9ologies\u00a0: l\u2019un se bat pour le peuple, l\u2019autre prosp\u00e8re par le contr\u00f4le. Autrefois, ils ont \u00e9branl\u00e9 le pass\u00e9. Des ann\u00e9es plus tard, la peur silencieuse d\u2019un enfant ravive le conflit, ramenant un ancien officier de police dans un combat bien plus grand qu\u2019une simple vengeance personnelle.<\/p>\n<p>&gt;\u00a0Ce\u00a0samedi 10\u00a0janvier \u00e0 <strong>18\u00a0heures<\/strong> au <a href=\"https:\/\/www.pathe.fr\/cinemas\/cinema-pathe-comedie\" target=\"_blank\" rel=\"noopener\">cin\u00e9ma Path\u00e9 Com\u00e9die<\/a>, 10 place de la Com\u00e9die \u00e0 <a href=\"https:\/\/www.midilibre.fr\/herault\/montpellier\/\" target=\"_blank\" rel=\"noopener\">Montpellier<\/a>. Plein tarif 9,90\u00a0\u20ac, moins de 14 ans 6\u00a0\u20ac.<\/p>\n<p>Harmonie en trio<\/p>\n<p><strong>Concert.<\/strong> R\u00e9unissant trois virtuoses \u2013 Dorota Anderszewska (violon), Mikl\u00f3s Per\u00e9nyi (violoncelle) et Imre Rohmann (piano) \u2013 , ce concert explore l\u2019\u00e9motion pure \u00e0 travers trois chefs-d\u2019\u0153uvre du trio avec piano\u00a0: Wolfgang Amadeus Mozart, Trio en mi majeur KV\u2009542\u00a0; Robert Schumann, Trio en sol mineur opus 110\u00a0; Anton\u00edn Dvo\u0159\u00e1k, Trio en mi mineur opus 90 \u00ab\u00a0Dumky\u00a0\u00bb.<\/p>\n<p>&gt;\u00a0Ce\u00a0samedi 10\u00a0janvier \u00e0 <strong>19\u00a0heures<\/strong> \u00e0 la\u00a0salle Pasteur du Corum de<a href=\"https:\/\/www.midilibre.fr\/herault\/montpellier\/\" target=\"_blank\" rel=\"noopener\"> Montpellier.<\/a> De 18 \u00e0 20\u00a0\u20ac. Contact\u00a0<a href=\"https:\/\/www.opera-orchestre-montpellier.fr\/\" target=\"_blank\" rel=\"noopener\">Op\u00e9ra Orchestre national Montpellier Occitanie<\/a> au\u00a004\u00a067\u00a060\u00a019\u00a099.<\/p>\n<p>Fa\u00e7on Fa\u00e7on<\/p>\n<p><strong>Concert.<\/strong>\u00a0L\u2019un signe sa langue et tape sur des tambours. L\u2019autre chante par-del\u00e0 les mers et gratte son banjo. D\u00e9couvrez le duo Fa\u00e7on-Fa\u00e7on pour un concert unique o\u00f9 le chant-signe rejoint la chanson populaire.<\/p>\n<p>&gt;\u00a0Ce samedi 10\u00a0janvier de <strong>20\u00a0h \u00e0 21\u00a0h\u00a030<\/strong> au\u00a0<a href=\"https:\/\/www.facebook.com\/qg.montpellier\" target=\"_blank\" rel=\"noopener\">Quartier G\u00e9n\u00e9reux<\/a>, 2 quai des Tanneurs \u00e0 <a href=\"https:\/\/www.midilibre.fr\/herault\/montpellier\/\" target=\"_blank\" rel=\"noopener\">Montpellier<\/a>. Entr\u00e9e libre. Contact au\u00a007\u00a083\u00a090\u00a041\u00a091.<\/p>\n","protected":false},"excerpt":{"rendered":"Tendre G\u00e9ant \u00e0 la Vista, lectures pour enfants \u00e0 Sauramps, visite m\u00e9morielle de Montpellier, Qui Vive\u00a0! au th\u00e9\u00e2tre&hellip;\n","protected":false},"author":2,"featured_media":651326,"comment_status":"","ping_status":"","sticky":false,"template":"","format":"standard","meta":{"footnotes":""},"categories":[9599],"tags":[1111,11,872,1777,674,1011,27,7089,2208,12,2680,25],"class_list":{"0":"post-651325","1":"post","2":"type-post","3":"status-publish","4":"format-standard","5":"has-post-thumbnail","7":"category-montpellier","8":"tag-actu","9":"tag-actualites","10":"tag-culture-et-loisirs","11":"tag-eu","12":"tag-europe","13":"tag-fr","14":"tag-france","15":"tag-herault","16":"tag-montpellier","17":"tag-news","18":"tag-occitanie","19":"tag-republique-francaise"},"share_on_mastodon":{"url":"https:\/\/pubeurope.com\/@fr\/115864342851007207","error":""},"_links":{"self":[{"href":"https:\/\/www.europesays.com\/fr\/wp-json\/wp\/v2\/posts\/651325","targetHints":{"allow":["GET"]}}],"collection":[{"href":"https:\/\/www.europesays.com\/fr\/wp-json\/wp\/v2\/posts"}],"about":[{"href":"https:\/\/www.europesays.com\/fr\/wp-json\/wp\/v2\/types\/post"}],"author":[{"embeddable":true,"href":"https:\/\/www.europesays.com\/fr\/wp-json\/wp\/v2\/users\/2"}],"replies":[{"embeddable":true,"href":"https:\/\/www.europesays.com\/fr\/wp-json\/wp\/v2\/comments?post=651325"}],"version-history":[{"count":0,"href":"https:\/\/www.europesays.com\/fr\/wp-json\/wp\/v2\/posts\/651325\/revisions"}],"wp:featuredmedia":[{"embeddable":true,"href":"https:\/\/www.europesays.com\/fr\/wp-json\/wp\/v2\/media\/651326"}],"wp:attachment":[{"href":"https:\/\/www.europesays.com\/fr\/wp-json\/wp\/v2\/media?parent=651325"}],"wp:term":[{"taxonomy":"category","embeddable":true,"href":"https:\/\/www.europesays.com\/fr\/wp-json\/wp\/v2\/categories?post=651325"},{"taxonomy":"post_tag","embeddable":true,"href":"https:\/\/www.europesays.com\/fr\/wp-json\/wp\/v2\/tags?post=651325"}],"curies":[{"name":"wp","href":"https:\/\/api.w.org\/{rel}","templated":true}]}}