{"id":651327,"date":"2026-01-09T09:05:13","date_gmt":"2026-01-09T09:05:13","guid":{"rendered":"https:\/\/www.europesays.com\/fr\/651327\/"},"modified":"2026-01-09T09:05:13","modified_gmt":"2026-01-09T09:05:13","slug":"des-tracteurs-dans-le-centre-de-montpellier-les-manifestants-denoncent-laccord-du-mercosur","status":"publish","type":"post","link":"https:\/\/www.europesays.com\/fr\/651327\/","title":{"rendered":"des tracteurs dans le centre de Montpellier, les manifestants d\u00e9noncent l&rsquo;accord du Mercosur"},"content":{"rendered":"<p class=\"article__intro\">Des tracteurs ont investi le centre de Montpellier, ce vendredi 9 janvier 2026au matin, \u00e0 l\u2019appel des Jeunes agriculteurs et de la FDSEA de l\u2019H\u00e9rault. Des d\u00e9chets agricoles ont \u00e9t\u00e9 d\u00e9vers\u00e9s devant l\u2019Arc de Triomphe. Les manifestants d\u00e9noncent l\u2019accord de libre-\u00e9change entre l\u2019Union europ\u00e9enne et les pays du Mercosur.<\/p>\n<p>\n      L\u2019actu des r\u00e9gions\n    <\/p>\n<p>\n      Chaque jour, un tour d\u2019horizon des principales infos de toutes les r\u00e9gions.\n    <\/p>\n<p>    France T\u00e9l\u00e9visions utilise votre adresse e-mail afin de vous envoyer la newsletter \u00ab\u00a0L\u2019actu des r\u00e9gions\u00a0\u00bb. Vous pouvez vous d\u00e9sinscrire \u00e0 tout moment via le lien en bas de cette newsletter. <a target=\"_blank\" href=\"https:\/\/www.francetelevisions.fr\/groupe\/confidentialite\/politique-de-confidentialite\/politique-de-confidentialite-de-france-televisions-6503\" rel=\"noopener\">Notre politique de confidentialit\u00e9<\/a><\/p>\n<p>Au lendemain d\u2019une action men\u00e9e \u00e0 Paris devant la tour Eiffel, ainsi que <a href=\"https:\/\/france3-regions.franceinfo.fr\/occitanie\/pyrenees-orientales\/perpignan\/photos-barrages-filtrants-controles-des-marchandises-la-mobilisation-des-agriculteurs-ne-faiblit-pas-3278126.html\" target=\"_blank\" rel=\"noopener noreferrer nofollow\" data-tooltip-url=\"https:\/\/france3-regions.franceinfo.fr\/occitanie\/pyrenees-orientales\/perpignan\/photos-barrages-filtrants-controles-des-marchandises-la-mobilisation-des-agriculteurs-ne-faiblit-pas-3278126.html\">sur l&rsquo;A9 dans les Pyr\u00e9n\u00e9es-Orientales,<\/a> la mobilisation agricole se poursuit, ce vendredi 9 janvier au matin \u00e0 Montpellier. \u00c0 l\u2019appel des Jeunes agriculteurs 34 et de la FDSEA de l\u2019H\u00e9rault, plusieurs tracteurs sont entr\u00e9s dans la ville d\u00e8s l\u2019aube.<\/p>\n<p><a data-article-figure=\"\" href=\"https:\/\/france3-regions.franceinfo.fr\/image\/OIt3qfTQ-wcExdBwonbFisXIGU4\/1600x1200\/regions\/2026\/01\/09\/whatsapp-image-2026-01-09-at-07-10-52-6960abe73654d227652114.jpg\" data-pswp-width=\"1600\" data-pswp-height=\"1200\" target=\"_blank\" rel=\"noopener\"><\/p>\n<p>          <img width=\"600\" height=\"400\" class=\"article-image lazy\" data-src=\"https:\/\/www.europesays.com\/fr\/wp-content\/uploads\/2026\/01\/whatsapp-image-2026-01-09-at-07-10-52-6960abe73654d227652114.jpg\" alt=\"Divers d\u00e9chets agricoles ont \u00e9t\u00e9 d\u00e9vers\u00e9s \u00e0 quelques pas de l'Arc de triomphe, dans le centre de Montpellier, ce vendredi 9 janvier 2026.\" fetchpriority=\"high\" as=\"image\"\/><\/p>\n<p>\n            Divers d\u00e9chets agricoles ont \u00e9t\u00e9 d\u00e9vers\u00e9s \u00e0 quelques pas de l&rsquo;Arc de triomphe, dans le centre de Montpellier, ce vendredi 9 janvier 2026.<br \/>\n                           \u2022<br \/>\n                                      \u00a9 C\u00e9dric M\u00e9tairon &#8211; FTV\n                      <\/p>\n<p><\/a><\/p>\n<p>Peu avant 6 heures, des engins agricoles ont atteint l\u2019Arc de Triomphe, \u00e0 l\u2019entr\u00e9e du Peyrou, ont constat\u00e9 des journalistes de France 3 Occitanie pr\u00e9sents sur place. Des sarments de vigne, de la paille et divers d\u00e9chets agricoles ont \u00e9t\u00e9 d\u00e9vers\u00e9s sur la chauss\u00e9e. Des pneus ont \u00e9galement \u00e9t\u00e9 d\u00e9pos\u00e9s. D\u2019autres tracteurs sont pass\u00e9s auparavant par l\u2019Agence de l\u2019eau, o\u00f9 du fumier a \u00e9t\u00e9 d\u00e9pos\u00e9, avant de rejoindre le cort\u00e8ge.<\/p>\n<p>Apr\u00e8s cette premi\u00e8re action, les manifestants ont poursuivi leur progression en direction de la pr\u00e9fecture de l\u2019H\u00e9rault. Le cort\u00e8ge pourrait y rester une partie de la journ\u00e9e.<\/p>\n<p><a data-article-figure=\"\" href=\"https:\/\/france3-regions.franceinfo.fr\/image\/igukvBZxbwBwC9PNnsSwXVILYDM\/2040x1530\/regions\/2026\/01\/09\/whatsapp-image-2026-01-09-at-08-05-32-6960ae98270d0760546972.jpg\" data-pswp-width=\"2040\" data-pswp-height=\"1530\" target=\"_blank\" rel=\"noopener\"><\/p>\n<p>          <img width=\"600\" height=\"400\" class=\"article-image lazy\" data-src=\"https:\/\/www.europesays.com\/fr\/wp-content\/uploads\/2026\/01\/whatsapp-image-2026-01-09-at-08-05-32-6960ae98270d0760546972.jpg\" alt=\"Les agriculteurs devant la pr\u00e9fecture de l'H\u00e9rault, \u00e0 Montpellier. Ils d\u00e9noncent l'accord sur le Mercosur qui pourrait \u00eatre sign\u00e9 \u00e0 Bruxelles, malgr\u00e9 le d\u00e9saccord de la France - 9 janvier 2026.\" fetchpriority=\"high\" as=\"image\"\/><\/p>\n<p>\n            Les agriculteurs devant la pr\u00e9fecture de l&rsquo;H\u00e9rault, \u00e0 Montpellier. Ils d\u00e9noncent l&rsquo;accord sur le Mercosur qui pourrait \u00eatre sign\u00e9 \u00e0 Bruxelles, malgr\u00e9 le d\u00e9saccord de la France &#8211; 9 janvier 2026.<br \/>\n                           \u2022<br \/>\n                                      \u00a9 C\u00e9dric M\u00e9tairon &#8211; FTV\n                      <\/p>\n<p><\/a><\/p>\n<p>Cette mobilisation s\u2019inscrit dans un contexte de tension persistante dans le monde agricole. \u00ab\u00a0Non au Mercosur\u00a0\u00bb peut-on notamment lire sur l&rsquo;une des banderoles d\u00e9ploy\u00e9es dans le centre de Montepllier, ce vendredi matin. Les organisations syndicales d\u00e9noncent l\u2019accord de libre-\u00e9change entre l\u2019Union europ\u00e9enne et les pays du Mercosur, qui doit \u00eatre examin\u00e9 ce vendredi \u00e0 Bruxelles. Elles redoutent une concurrence jug\u00e9e d\u00e9loyale, avec l\u2019entr\u00e9e sur le march\u00e9 europ\u00e9en de produits agricoles \u00e0 bas prix ne respectant pas, selon elles, les m\u00eames normes environnementales et sanitaires.<\/p>\n<p>Depuis plusieurs semaines maintenant, la col\u00e8re agricole ne retombe pas, sur fond de crise sanitaire dans les \u00e9levages, marqu\u00e9e par la dermatose nodulaire contagieuse et des abattages de troupeaux, ainsi que par la hausse des charges et la pression sur les revenus.<\/p>\n<p>Apr\u00e8s plus de vingt-cinq ans de n\u00e9gociations, l\u2019Union europ\u00e9enne estime l\u2019accord avec le Mercosur \u00e0 port\u00e9e de main. Ce trait\u00e9 concerne l\u2019Argentine, le Br\u00e9sil, le Paraguay et l\u2019Uruguay et cr\u00e9erait une zone de libre-\u00e9change de plus de 700 millions de consommateurs. Il pr\u00e9voit notamment une baisse importante des droits de douane pour les exportations europ\u00e9ennes de voitures, machines, vins ou fromages, mais faciliterait aussi l\u2019entr\u00e9e en Europe de viande bovine, de volaille, de sucre, de riz ou de soja sud-am\u00e9ricains, dans des volumes encadr\u00e9s par des quotas.<\/p>\n<p>Malgr\u00e9 l\u2019opposition r\u00e9affirm\u00e9e de la France, annonc\u00e9e hier, jeudi, par Emmanuel Macron, l\u2019accord pourrait recevoir l\u2019aval d\u2019une majorit\u00e9 qualifi\u00e9e des \u00c9tats membres. L\u2019Italie semble pr\u00eate \u00e0 soutenir le texte, tandis que la Pologne, la Hongrie, l\u2019Irlande ou encore l\u2019Autriche s\u2019y opposeraient sans disposer d\u2019une minorit\u00e9 de blocage suffisante.<\/p>\n<p>Ecrit avec Daniel de Barros, C\u00e9dric M\u00e9tairon et AFP.<\/p>\n<p>\u00a0<\/p>\n","protected":false},"excerpt":{"rendered":"Des tracteurs ont investi le centre de Montpellier, ce vendredi 9 janvier 2026au matin, \u00e0 l\u2019appel des Jeunes&hellip;\n","protected":false},"author":2,"featured_media":651328,"comment_status":"","ping_status":"","sticky":false,"template":"","format":"standard","meta":{"footnotes":""},"categories":[9599],"tags":[1111,11,1777,674,1011,27,2208,12,2680,25],"class_list":{"0":"post-651327","1":"post","2":"type-post","3":"status-publish","4":"format-standard","5":"has-post-thumbnail","7":"category-montpellier","8":"tag-actu","9":"tag-actualites","10":"tag-eu","11":"tag-europe","12":"tag-fr","13":"tag-france","14":"tag-montpellier","15":"tag-news","16":"tag-occitanie","17":"tag-republique-francaise"},"share_on_mastodon":{"url":"https:\/\/pubeurope.com\/@fr\/115864346452632531","error":""},"_links":{"self":[{"href":"https:\/\/www.europesays.com\/fr\/wp-json\/wp\/v2\/posts\/651327","targetHints":{"allow":["GET"]}}],"collection":[{"href":"https:\/\/www.europesays.com\/fr\/wp-json\/wp\/v2\/posts"}],"about":[{"href":"https:\/\/www.europesays.com\/fr\/wp-json\/wp\/v2\/types\/post"}],"author":[{"embeddable":true,"href":"https:\/\/www.europesays.com\/fr\/wp-json\/wp\/v2\/users\/2"}],"replies":[{"embeddable":true,"href":"https:\/\/www.europesays.com\/fr\/wp-json\/wp\/v2\/comments?post=651327"}],"version-history":[{"count":0,"href":"https:\/\/www.europesays.com\/fr\/wp-json\/wp\/v2\/posts\/651327\/revisions"}],"wp:featuredmedia":[{"embeddable":true,"href":"https:\/\/www.europesays.com\/fr\/wp-json\/wp\/v2\/media\/651328"}],"wp:attachment":[{"href":"https:\/\/www.europesays.com\/fr\/wp-json\/wp\/v2\/media?parent=651327"}],"wp:term":[{"taxonomy":"category","embeddable":true,"href":"https:\/\/www.europesays.com\/fr\/wp-json\/wp\/v2\/categories?post=651327"},{"taxonomy":"post_tag","embeddable":true,"href":"https:\/\/www.europesays.com\/fr\/wp-json\/wp\/v2\/tags?post=651327"}],"curies":[{"name":"wp","href":"https:\/\/api.w.org\/{rel}","templated":true}]}}