{"id":651337,"date":"2026-01-09T09:17:13","date_gmt":"2026-01-09T09:17:13","guid":{"rendered":"https:\/\/www.europesays.com\/fr\/651337\/"},"modified":"2026-01-09T09:17:13","modified_gmt":"2026-01-09T09:17:13","slug":"colere-agricole-les-agriculteurs-manifestent-ce-vendredi-matin-au-pont-de-leurope-entre-strasbourg-et-kehl","status":"publish","type":"post","link":"https:\/\/www.europesays.com\/fr\/651337\/","title":{"rendered":"Col\u00e8re agricole. Les agriculteurs manifestent ce vendredi matin au pont de l&rsquo;Europe, entre Strasbourg et Kehl"},"content":{"rendered":"<p>Cette fois-ci, c\u2019est la Coordination rurale qui a annonc\u00e9 sur les r\u00e9seaux sociaux qu\u2019un convoi \u00e9tait en route vers Strasbourg afin de d\u00e9noncer \u00ab l\u2019abattage total \u00bb du b\u00e9tail d\u00e9cid\u00e9 dans le cadre de la crise sanitaire li\u00e9e \u00e0 la dermatose nodulaire.<\/p>\n<p>\u00c0 10 h, ils ont retrouv\u00e9 des coll\u00e8gues allemands, qui bloquaient d\u00e9j\u00e0 le pont de l\u2019autre c\u00f4t\u00e9 du Rhin.<\/p>\n<p>  La pr\u00e9fecture alerte sur des difficult\u00e9s de circulation<\/p>\n<p>La pr\u00e9fecture du Bas-Rhin et du Grand Est annonce de son c\u00f4t\u00e9 que la mobilisation est pr\u00e9vue \u00e0 partir de 10 h dans le secteur du pont de l\u2019Europe, entre Strasbourg et Kehl.<\/p>\n<p>Des perturbations de circulation sont donc \u00e0 pr\u00e9voir pour les automobilistes. \u00ab Si possible, anticipez vos d\u00e9placements ou privil\u00e9giez des itin\u00e9raires alternatifs \u00bb, recommande la pr\u00e9fecture. Des d\u00e9viations sont d&rsquo;ailleurs mises en place\u00a0en direction du pont Pierre Pflimlin et du pont de Gambsheim.<\/p>\n<p>Ces consignes concernent non seulement le pont de l\u2019Europe, mais \u00e9galement les axes susceptibles d\u2019\u00eatre emprunt\u00e9s par les agriculteurs.<\/p>\n","protected":false},"excerpt":{"rendered":"Cette fois-ci, c\u2019est la Coordination rurale qui a annonc\u00e9 sur les r\u00e9seaux sociaux qu\u2019un convoi \u00e9tait en route&hellip;\n","protected":false},"author":2,"featured_media":651338,"comment_status":"","ping_status":"","sticky":false,"template":"","format":"standard","meta":{"footnotes":""},"categories":[2820],"tags":[1111,11,327,672,2649,1777,674,107,1011,27,775,14871,12,25,640],"class_list":{"0":"post-651337","1":"post","2":"type-post","3":"status-publish","4":"format-standard","5":"has-post-thumbnail","7":"category-strasbourg","8":"tag-actu","9":"tag-actualites","10":"tag-agriculture","11":"tag-allemagne","12":"tag-bas-rhin","13":"tag-eu","14":"tag-europe","15":"tag-fil-info","16":"tag-fr","17":"tag-france","18":"tag-grand-est","19":"tag-kehl","20":"tag-news","21":"tag-republique-francaise","22":"tag-strasbourg"},"share_on_mastodon":{"url":"https:\/\/pubeurope.com\/@fr\/115864393807442870","error":""},"_links":{"self":[{"href":"https:\/\/www.europesays.com\/fr\/wp-json\/wp\/v2\/posts\/651337","targetHints":{"allow":["GET"]}}],"collection":[{"href":"https:\/\/www.europesays.com\/fr\/wp-json\/wp\/v2\/posts"}],"about":[{"href":"https:\/\/www.europesays.com\/fr\/wp-json\/wp\/v2\/types\/post"}],"author":[{"embeddable":true,"href":"https:\/\/www.europesays.com\/fr\/wp-json\/wp\/v2\/users\/2"}],"replies":[{"embeddable":true,"href":"https:\/\/www.europesays.com\/fr\/wp-json\/wp\/v2\/comments?post=651337"}],"version-history":[{"count":0,"href":"https:\/\/www.europesays.com\/fr\/wp-json\/wp\/v2\/posts\/651337\/revisions"}],"wp:featuredmedia":[{"embeddable":true,"href":"https:\/\/www.europesays.com\/fr\/wp-json\/wp\/v2\/media\/651338"}],"wp:attachment":[{"href":"https:\/\/www.europesays.com\/fr\/wp-json\/wp\/v2\/media?parent=651337"}],"wp:term":[{"taxonomy":"category","embeddable":true,"href":"https:\/\/www.europesays.com\/fr\/wp-json\/wp\/v2\/categories?post=651337"},{"taxonomy":"post_tag","embeddable":true,"href":"https:\/\/www.europesays.com\/fr\/wp-json\/wp\/v2\/tags?post=651337"}],"curies":[{"name":"wp","href":"https:\/\/api.w.org\/{rel}","templated":true}]}}