{"id":651339,"date":"2026-01-09T09:18:10","date_gmt":"2026-01-09T09:18:10","guid":{"rendered":"https:\/\/www.europesays.com\/fr\/651339\/"},"modified":"2026-01-09T09:18:10","modified_gmt":"2026-01-09T09:18:10","slug":"je-pensais-que-cetait-une-maladie","status":"publish","type":"post","link":"https:\/\/www.europesays.com\/fr\/651339\/","title":{"rendered":"Je pensais que c&rsquo;\u00e9tait une maladie"},"content":{"rendered":"<p>                    Par<br \/>\n        <strong><br \/>\n            <a href=\"https:\/\/actu.fr\/auteur\/ugo-maillard\" title=\"Consulter tous les articles de Ugo Maillard\" target=\"_blank\" rel=\"noopener\">Ugo Maillard<\/a><br \/>\n                    <\/strong><\/p>\n<p>        Publi\u00e9 le<\/p>\n<p>            9 janv. 2026 \u00e0 8h36        <\/p>\n<p>C\u2019est un gar\u00e7on d\u2019une vingtaine d\u2019ann\u00e9es au physique ch\u00e9tif et au regard timide qui pousse la porte du centre LGBTQIA +\u00a0de Nice (<a href=\"https:\/\/actu.fr\/provence-alpes-cote-d-azur\/alpes-maritimes_06\" target=\"_blank\" rel=\"noopener\">Alpes-Maritimes<\/a>). En cette fin d\u2019apr\u00e8s-midi, Omar* s\u2019installe sur une chaise pour raconter son histoire. Celle d\u2019un jeune homme qui a \u00e9t\u00e9 <strong>contraint de quitter son pays<\/strong> en raison de son <strong>orientation sexuelle\u2009: <\/strong>il a fui le Bangladesh, un pays d\u2019Asie o\u00f9 l\u2019homosexualit\u00e9 est ill\u00e9gale et passible d\u2019emprisonnement \u00e0 vie depuis 1860 date \u00e0 laquelle le pays appartenait \u00e0 l\u2019empire colonial britannique. Une r\u00e9pression qui s\u2019est renforc\u00e9e depuis quelques ann\u00e9es avec l\u2019arriv\u00e9e d\u2019un islam radical aux plus hautes sph\u00e8res de l\u2019\u00c9tat.<\/p>\n<p class=\" wall-content\">Si la situation politique est particuli\u00e8rement instable dans ce pays de 173\u00a0millions d\u2019habitants, celle d\u2019Omar a toujours \u00e9t\u00e9 teint\u00e9e d\u2019homophobie. Des brimades, des insultes ou des coups ont rythm\u00e9 les premi\u00e8res ann\u00e9es de sa vie. L\u2019avenir du jeune homme dans son pays natal s\u2019est encore assombri lorsqu\u2019il a rencontr\u00e9 son petit copain. Malgr\u00e9 un amour cach\u00e9, le niveau de pression sur Omar et sa famille s\u2019est accentu\u00e9.<\/p>\n<p class=\" wall-content\">Le jeune qui souhaite conserver son anonymat par crainte de repr\u00e9sailles contre lui, son petit copain Nasir* ou sa famille, a accept\u00e9 de t\u00e9moigner pour <a href=\"https:\/\/actu.fr\/nice\/\" target=\"_blank\" rel=\"noopener\">actu Nice<\/a>.<\/p>\n<p>Des violences subies dans son pays<\/p>\n<p class=\" wall-content\">Dans un fran\u00e7ais riche pour une personne pr\u00e9sente sur le territoire depuis un an environ, Omar retrace ces ann\u00e9es \u00e0 vivre dans l\u2019ombre\u2009: \u00ab\u2009Notre relation \u00e9tait cach\u00e9e. J\u2019ai voulu qu\u2019on aille \u00e0 l\u2019universit\u00e9 dans une grande ville avec mon copain mais \u00e7a n\u2019a rien arrang\u00e9. Malgr\u00e9 le fait que l\u2019\u00c9tat et sa police n\u2019avaient pas de preuves de notre homosexualit\u00e9, nous \u00e9tions espionn\u00e9s.\u2009\u00bb<\/p>\n<p class=\" wall-content\">Hormis les insultes, les deux amoureux vont subir une<strong> tr\u00e8s violente agression<\/strong> un soir de 2023 o\u00f9 ils ont \u00e9t\u00e9 frapp\u00e9s, viol\u00e9s et menac\u00e9s avec une arme \u00e0 feu. Ces agresseurs vont \u00e9galement avertir les familles d\u2019Omar et Nasir de leur orientation sexuelle.<\/p>\n<p class=\" wall-content\">La r\u00e9action de la famille du jeune \u00e9tudiant est imm\u00e9diate. \u00ab\u2009Mon p\u00e8re a d\u00e9cid\u00e9 de m\u2019envoyer dans une \u00e9cole pour que je sois soign\u00e9 et que je redevienne h\u00e9t\u00e9rosexuel\u2009\u00bb, l\u00e2che Omar. Une r\u00e9ponse \u00e0 l\u2019agression que l\u2019on pourrait apparenter \u00e0 une forme de violence morale, mais ce n\u2019est pas le cas pour l\u2019homme, \u00e0 l\u2019\u00e9poque. \u00ab\u2009Je n\u2019avais pas d\u2019info sur l\u2019homosexualit\u00e9. Je ne savais pas ce que c\u2019\u00e9tait. Je pensais que c\u2019\u00e9tait ma faute. Je pensais que c\u2019\u00e9tait une maladie.\u2009\u00bb<\/p>\n<p>Un recours au trafic d\u2019\u00eatre humains<\/p>\n<p class=\" wall-content\">Au fil de ses recherches sur Internet, le Bangladais d\u00e9couvre que l\u2019homosexualit\u00e9 n\u2019est pas une maladie et que certains pays l\u2019acceptent. Le d\u00e9part est act\u00e9, ce sera la France.<\/p>\n<p>Votre r\u00e9gion, votre actu !<\/p>\n<p>Recevez chaque jour les infos qui comptent pour vous.<\/p>\n<p>\t<a href=\"https:\/\/actu.fr\/newsletter\" class=\"ac-btn ac-btn--corner ac-btn--medium ac-btn--blue800\" target=\"_blank\" rel=\"noopener\">S&rsquo;incrire<\/a><\/p>\n<blockquote class=\"ac-article-quote wall-content\">\n<p>J\u2019ai dit \u00e0 ma famille que je voulais aller dans un pays d\u00e9velopp\u00e9 pour m\u2019aider \u00e0 me gu\u00e9rir car les traitements pour soigner les homosexuels sont meilleurs. Ils m&rsquo;ont cru et m&rsquo;ont donn\u00e9 de l&rsquo;argent pour le voyage.\n<\/p>\n<p>    <strong>Omar <\/strong><br \/>\n        R\u00e9fugi\u00e9 \u00e0 Nice    <\/p><\/blockquote>\n<p class=\" wall-content\">Par le biais de<strong> trafiquants d\u2019\u00eatres humains<\/strong>, Omar parvient \u00e0 quitter son pays. Il traverse alors de tr\u00e8s nombreux pays durant plusieurs mois.<\/p>\n<p class=\" wall-content\">Si Omar ne souhaite pas s\u2019\u00e9pancher sur les d\u00e9tails de son interminable p\u00e9riple vers la France, l\u2019humidit\u00e9 de ses yeux trahit une douleur encore vive. \u00ab\u2009Il a \u00e9t\u00e9 victime de nombreuses violences et tortures pendant son exil\u2009\u00bb, appuie Erwann Le Ho, coordinateur du centre LGBTQIA +\u00a0de Nice, qui accompagne Omar depuis son arriv\u00e9e \u00e0 Nice.<\/p>\n<p>Omar d\u00e9croche un statut de r\u00e9fugi\u00e9<\/p>\n<p class=\" wall-content\">C\u2019est en avril\u00a02024 qu\u2019Omar arrive, enfin, en France. Apr\u00e8s quelque temps pass\u00e9s \u00e0 Paris, le jeune Bangladais en exil d\u00e9barque sur la C\u00f4te d\u2019Azur, \u00e0 Nice.<\/p>\n<p class=\" wall-content\">\u00ab\u2009J\u2019ai trouv\u00e9 rapidement des personnes qui m\u2019ont aid\u00e9 et qui m\u2019ont accompagn\u00e9 dans mes d\u00e9marches, notamment pour trouver un appartement\u2009\u00bb, se rem\u00e9more Omar avec un sourire contenu. En l\u2019espace de cinq mois, la pr\u00e9fecture des Alpes-Maritimes lui accorde un statut de r\u00e9fugi\u00e9.<\/p>\n<p class=\" wall-content\">Une r\u00e9gularisation et une adaptation \u00e0 un environnement nouveau qui n\u2019est pas un long fleuve tranquille, d\u2019autant plus pour un jeune homme de moins de 30\u00a0ans, encore meurtri par les s\u00e9vices dont il a \u00e9t\u00e9 victime.<\/p>\n<p class=\" wall-content\">\u00ab\u2009Son \u00e9tat de sant\u00e9 \u00e9tait particuli\u00e8rement fragile lorsqu\u2019il est arriv\u00e9. Il a imm\u00e9diatement \u00e9t\u00e9 suivi par un psychologue\u2009\u00bb, explique Erwann Le H\u00f4.<\/p>\n<p>Le centre LGBTQIA+ de Nice <\/p>\n<p>Anim\u00e9 par cinq salari\u00e9s et une vingtaine de b\u00e9n\u00e9voles, le Centre LGBTQIA+ de Nice accompagne des personnes ayant des besoins ou des demandes sur leur orientation sexuelle, sur l&rsquo;identit\u00e9 de genre ou en difficult\u00e9 \u00e9conomique. Erwann Le H\u00f4, le coordinateur fait \u00e9tat de \u00ab\u00a0120 nouveaux dossiers par an\u00a0\u00bb.<\/p>\n<p class=\" wall-content\"><a href=\"https:\/\/www.instagram.com\/p\/DSaPpJBgkaA\/embed\" title=\"Ouvrir le lien sur Instagram\" target=\"_blank\" rel=\"noopener\">Visualiser le contenu sur Instagram<\/a><\/p>\n<p>La situation complexe de son compagnon<\/p>\n<p class=\" wall-content\">Dans un franglais ma\u00eetris\u00e9, Omar accepte de r\u00e9pondre \u00e0 quelques questions sur son \u00ab\u2009boyfriend\u2009\u00bb.<\/p>\n<blockquote class=\"ac-article-quote wall-content\">\n<p>Nasir a essay\u00e9 de venir en France. Il a \u00e9t\u00e9 attrap\u00e9 et renvoy\u00e9 \u00e0 sa famille. Ils veulent le forcer \u00e0 accepter un mariage h\u00e9t\u00e9rosexuel.<\/p>\n<p>    <strong>Omar<\/strong>\n            <\/p><\/blockquote>\n<p class=\" wall-content\">Dans un souci de s\u00e9curit\u00e9, le jeune homme reste flou sur la situation de son compagnon mais indique \u00e0 actu Nice que la situation pourrait s\u2019arranger prochainement. Une<a href=\"https:\/\/www.onparticipe.fr\/c\/bGkrGKnG\" target=\"_blank\" rel=\"noopener\"> cagnotte a \u00e9t\u00e9 lanc\u00e9e<\/a> pour aider Omar et Nasir \u00e0 vivre leur amour en paix, en France.<\/p>\n<p>Une volont\u00e9 d\u2019aider les homosexuels pers\u00e9cut\u00e9s<\/p>\n<p class=\" wall-content\">Pour Omar, la beaut\u00e9 de la promenade des Anglais qu\u2019il \u00ab\u2009adore\u2009\u00bb ne compensera jamais les joies de son pays et du \u00ab\u2009poulet curry de [sa] maman\u2009\u00bb. Et s\u2019il compte bien obtenir son CAP de r\u00e9ceptionniste pour commencer sa vie professionnelle en France, un autre r\u00eave l\u2019anime.<\/p>\n<p class=\" wall-content\">\u00ab\u2009En tant qu\u2019avocat ou autre, j\u2019aimerais aider les personnes et les jeunes pour qu\u2019ils assument leur identit\u00e9 sexuelle. M\u00eame si la situation ne change pas au Bangladesh, je veux travailler avec les personnes sur place pour aider le d\u00e9veloppement de mon pays, notamment pour informer\u2009\u00bb, affirme le jeune homme avant de confesser, tremblant, qu\u2019il aurait \u00ab\u2009pr\u00e9f\u00e9r\u00e9 rester au Bangladesh avec sa famille\u2009\u00bb.<\/p>\n<p>*Pr\u00e9noms d\u2019emprunt utilis\u00e9s. Des menaces p\u00e8sent encore sur lui et son compagnon, malgr\u00e9 l\u2019exil d\u2019Omar en France.<\/p>\n<p class=\" wall-content\">Personnalisez votre actualit\u00e9 en ajoutant vos villes et m\u00e9dias en favori avec <a href=\"https:\/\/moncompte.actu.fr\" title=\"D\u00e9couvez Mon Actu\" rel=\"nofollow noopener\" data-trk=\"{&quot;cta&quot;:{&quot;action&quot;:&quot;https:\\\/\\\/moncompte.actu.fr&quot;,&quot;category&quot;:&quot;mon compte&quot;,&quot;from&quot;:&quot;article footer&quot;,&quot;name&quot;:&quot;Mon actu&quot;,&quot;type&quot;:&quot;cta&quot;}}\" target=\"_blank\">Mon Actu<\/a>.<\/p>\n<p>                    <script async src=\"\/\/www.instagram.com\/embed.js\"><\/script><\/p>\n","protected":false},"excerpt":{"rendered":"Par Ugo Maillard Publi\u00e9 le 9 janv. 2026 \u00e0 8h36 C\u2019est un gar\u00e7on d\u2019une vingtaine d\u2019ann\u00e9es au physique&hellip;\n","protected":false},"author":2,"featured_media":651340,"comment_status":"","ping_status":"","sticky":false,"template":"","format":"standard","meta":{"footnotes":""},"categories":[2819],"tags":[1111,11,1777,674,1011,27,8717,12,2401,882,25,104],"class_list":{"0":"post-651339","1":"post","2":"type-post","3":"status-publish","4":"format-standard","5":"has-post-thumbnail","7":"category-nice","8":"tag-actu","9":"tag-actualites","10":"tag-eu","11":"tag-europe","12":"tag-fr","13":"tag-france","14":"tag-homophobie","15":"tag-news","16":"tag-nice","17":"tag-provence-alpes-cote-dazur","18":"tag-republique-francaise","19":"tag-societe"},"share_on_mastodon":{"url":"https:\/\/pubeurope.com\/@fr\/115864397726087663","error":""},"_links":{"self":[{"href":"https:\/\/www.europesays.com\/fr\/wp-json\/wp\/v2\/posts\/651339","targetHints":{"allow":["GET"]}}],"collection":[{"href":"https:\/\/www.europesays.com\/fr\/wp-json\/wp\/v2\/posts"}],"about":[{"href":"https:\/\/www.europesays.com\/fr\/wp-json\/wp\/v2\/types\/post"}],"author":[{"embeddable":true,"href":"https:\/\/www.europesays.com\/fr\/wp-json\/wp\/v2\/users\/2"}],"replies":[{"embeddable":true,"href":"https:\/\/www.europesays.com\/fr\/wp-json\/wp\/v2\/comments?post=651339"}],"version-history":[{"count":0,"href":"https:\/\/www.europesays.com\/fr\/wp-json\/wp\/v2\/posts\/651339\/revisions"}],"wp:featuredmedia":[{"embeddable":true,"href":"https:\/\/www.europesays.com\/fr\/wp-json\/wp\/v2\/media\/651340"}],"wp:attachment":[{"href":"https:\/\/www.europesays.com\/fr\/wp-json\/wp\/v2\/media?parent=651339"}],"wp:term":[{"taxonomy":"category","embeddable":true,"href":"https:\/\/www.europesays.com\/fr\/wp-json\/wp\/v2\/categories?post=651339"},{"taxonomy":"post_tag","embeddable":true,"href":"https:\/\/www.europesays.com\/fr\/wp-json\/wp\/v2\/tags?post=651339"}],"curies":[{"name":"wp","href":"https:\/\/api.w.org\/{rel}","templated":true}]}}