{"id":651343,"date":"2026-01-09T09:20:12","date_gmt":"2026-01-09T09:20:12","guid":{"rendered":"https:\/\/www.europesays.com\/fr\/651343\/"},"modified":"2026-01-09T09:20:12","modified_gmt":"2026-01-09T09:20:12","slug":"fin-de-restriction-a-chevire-le-point-sur-la-circulation","status":"publish","type":"post","link":"https:\/\/www.europesays.com\/fr\/651343\/","title":{"rendered":"fin de restriction \u00e0 Chevir\u00e9, le point sur la circulation"},"content":{"rendered":"<p>                    Par<br \/>\n        <strong><br \/>\n            <a href=\"https:\/\/actu.fr\/auteur\/redaction-nantes\" title=\"Consulter tous les articles de R\u00e9daction Nantes\" target=\"_blank\" rel=\"noopener\">R\u00e9daction Nantes<\/a><br \/>\n                    <\/strong><\/p>\n<p>        Publi\u00e9 le<\/p>\n<p>            9 janv. 2026 \u00e0 8h26        <\/p>\n<p>Ce jeudi 8\u00a0janvier 2026, le passage de <a href=\"https:\/\/actu.fr\/tag\/tempete-goretti\" target=\"_blank\" rel=\"noopener\">la temp\u00eate Goretti dans le nord-ouest de la France<\/a> a provoqu\u00e9 d\u2019importantes <a href=\"https:\/\/actu.fr\/pays-de-la-loire\/nantes_44109\/la-tempete-goretti-a-nantes-vent-pluie-intensite-voici-a-quoi-sattendre_63670921.html\" target=\"_blank\" rel=\"noopener\">rafales de vent dans la r\u00e9gion nantaise<\/a>. La vigilance orange pour vent violent a \u00e9t\u00e9 lev\u00e9e \u00e0 6\u2009h, ce vendredi 9\u00a0janvier 2026 en Loire-Atlantique.<\/p>\n<p class=\" wall-content\">En raison de ces intemp\u00e9ries, des restrictions de circulation avaient \u00e9t\u00e9 mises en place par les autorit\u00e9s, comme l\u2019abaissement de la vitesse maximale de 20\u00a0km\/h pour les v\u00e9hicules de plus de 7,5 tonnes, les camping-cars et v\u00e9hicules l\u00e9gers attel\u00e9s. Dans la soir\u00e9e, <a href=\"https:\/\/actu.fr\/pays-de-la-loire\/nantes_44109\/tempete-goretti-a-nantes-le-pont-de-chevire-va-fermer-a-la-circulation_63669518.html\" target=\"_blank\" rel=\"noopener\">le pont de Chevir\u00e9 a \u00e9t\u00e9 enti\u00e8rement ferm\u00e9 \u00e0 la circulation<\/a>. L\u2019ouvrage est de <b>nouveau ouvert \u00e0 la circulation depuis 5\u2009h\u200945, ce vendredi 9\u00a0janvier 2026<\/b>.<\/p>\n<p class=\" wall-content\">\n<p>30\u00a0km de bouchons<\/p>\n<p class=\" wall-content\">\u00c0 8\u2009h\u200916, ce vendredi 9\u00a0janvier, Bison Fut\u00e9 recense un peu plus de 22\u00a0km de bouchons cumul\u00e9s sur les routes de l\u2019agglom\u00e9ration nantaise. Le pic maximal a \u00e9t\u00e9 enregistr\u00e9 <b>\u00e0 8\u2009h avec 29,4\u00a0km d\u2019embouteillages<\/b>.<\/p>\n<p class=\" wall-content\">Ce vendredi matin, \u00e7a coince au niveau de la porte de Rennes, de la porte de Gesvres et \u00e0 l\u2019est du p\u00e9riph\u00e9rique \u00e0 hauteur de la porte d\u2019Anjou. Des ralentissements ont \u00e9galement \u00e9t\u00e9 signal\u00e9s sur l\u2019A11 dans le sens Nantes vers Angers.<\/p>\n<p class=\" wall-content\">Personnalisez votre actualit\u00e9 en ajoutant vos villes et m\u00e9dias en favori avec <a href=\"https:\/\/moncompte.actu.fr\" title=\"D\u00e9couvez Mon Actu\" rel=\"nofollow noopener\" data-trk=\"{&quot;cta&quot;:{&quot;action&quot;:&quot;https:\\\/\\\/moncompte.actu.fr&quot;,&quot;category&quot;:&quot;mon compte&quot;,&quot;from&quot;:&quot;article footer&quot;,&quot;name&quot;:&quot;Mon actu&quot;,&quot;type&quot;:&quot;cta&quot;}}\" target=\"_blank\">Mon Actu<\/a>.<\/p>\n","protected":false},"excerpt":{"rendered":"Par R\u00e9daction Nantes Publi\u00e9 le 9 janv. 2026 \u00e0 8h26 Ce jeudi 8\u00a0janvier 2026, le passage de la&hellip;\n","protected":false},"author":2,"featured_media":651344,"comment_status":"","ping_status":"","sticky":false,"template":"","format":"standard","meta":{"footnotes":""},"categories":[2818],"tags":[1111,11,3542,1777,674,1011,27,766,12,2636,4013,25,104],"class_list":{"0":"post-651343","1":"post","2":"type-post","3":"status-publish","4":"format-standard","5":"has-post-thumbnail","7":"category-nantes","8":"tag-actu","9":"tag-actualites","10":"tag-circulation","11":"tag-eu","12":"tag-europe","13":"tag-fr","14":"tag-france","15":"tag-nantes","16":"tag-news","17":"tag-pays-de-la-loire","18":"tag-peripherique","19":"tag-republique-francaise","20":"tag-societe"},"share_on_mastodon":{"url":"https:\/\/pubeurope.com\/@fr\/115864405503064792","error":""},"_links":{"self":[{"href":"https:\/\/www.europesays.com\/fr\/wp-json\/wp\/v2\/posts\/651343","targetHints":{"allow":["GET"]}}],"collection":[{"href":"https:\/\/www.europesays.com\/fr\/wp-json\/wp\/v2\/posts"}],"about":[{"href":"https:\/\/www.europesays.com\/fr\/wp-json\/wp\/v2\/types\/post"}],"author":[{"embeddable":true,"href":"https:\/\/www.europesays.com\/fr\/wp-json\/wp\/v2\/users\/2"}],"replies":[{"embeddable":true,"href":"https:\/\/www.europesays.com\/fr\/wp-json\/wp\/v2\/comments?post=651343"}],"version-history":[{"count":0,"href":"https:\/\/www.europesays.com\/fr\/wp-json\/wp\/v2\/posts\/651343\/revisions"}],"wp:featuredmedia":[{"embeddable":true,"href":"https:\/\/www.europesays.com\/fr\/wp-json\/wp\/v2\/media\/651344"}],"wp:attachment":[{"href":"https:\/\/www.europesays.com\/fr\/wp-json\/wp\/v2\/media?parent=651343"}],"wp:term":[{"taxonomy":"category","embeddable":true,"href":"https:\/\/www.europesays.com\/fr\/wp-json\/wp\/v2\/categories?post=651343"},{"taxonomy":"post_tag","embeddable":true,"href":"https:\/\/www.europesays.com\/fr\/wp-json\/wp\/v2\/tags?post=651343"}],"curies":[{"name":"wp","href":"https:\/\/api.w.org\/{rel}","templated":true}]}}