{"id":651348,"date":"2026-01-09T09:23:11","date_gmt":"2026-01-09T09:23:11","guid":{"rendered":"https:\/\/www.europesays.com\/fr\/651348\/"},"modified":"2026-01-09T09:23:11","modified_gmt":"2026-01-09T09:23:11","slug":"bordeaux-frappee-par-de-violentes-rafales","status":"publish","type":"post","link":"https:\/\/www.europesays.com\/fr\/651348\/","title":{"rendered":"Bordeaux frapp\u00e9e par de violentes rafales"},"content":{"rendered":"<p>\ud83d\udd52 Article publi\u00e9 le 9 janvier 2026<br \/>&#13;<br \/>\n\u2705 Mis \u00e0 jour le 9 janvier 2026<\/p>\n<p>La<strong> temp\u00eate Goretti<\/strong> a balay\u00e9 une large partie de l\u2019ouest de la France entre jeudi et vendredi, avec des rafales exceptionnelles enregistr\u00e9es en Normandie. En Nouvelle-Aquitaine, et notamment \u00e0<strong> Bordeaux<\/strong>, le passage de la d\u00e9pression s\u2019est fait sentir d\u00e8s la soir\u00e9e. Entre fortes rafales, chutes d\u2019arbres et perturbations, voici tout ce qu\u2019il faut savoir sur <strong>l\u2019impact de la temp\u00eate en Gironde<\/strong>.<\/p>\n<p>Pluie et vents violents dans les rues de Bordeaux lors de la temp\u00eate Goretti \u00a9 Leonardo P.<\/p>\n<p>Une temp\u00eate d\u2019ampleur nationale venue de l\u2019Atlantique<\/p>\n<p>Depuis jeudi apr\u00e8s-midi, la temp\u00eate Goretti balaie une large partie du pays. En Normandie, l\u2019\u00e9pisode a ainsi atteint un niveau in\u00e9dit. Dans le nord Cotentin, les autorit\u00e9s ont mesur\u00e9 des <strong>rafales jusqu\u2019\u00e0 216 km\/h<\/strong>, un record local sup\u00e9rieur \u00e0 celui de la <a href=\"https:\/\/www.ouest-france.fr\/meteo\/tempete\/ouragan-du-15-octobre-1987\/en-images-ouragan-d-octobre-1987-des-devastations-impressionnantes-5288427\" target=\"_blank\" rel=\"noopener\">temp\u00eate de 1987<\/a>.<\/p>\n<p>Vendredi matin, <a href=\"https:\/\/meteofrance.com\/actualites-et-dossiers\/actualites\/tempete-goretti-vents-violents-et-vagues-submersion\" target=\"_blank\" rel=\"noopener\">33 d\u00e9partements restaient plac\u00e9s en vigilance orange<\/a> aux vents violents, de la Normandie jusqu\u2019au nord et \u00e0 l\u2019ouest du territoire. Si la vigilance rouge a \u00e9t\u00e9 lev\u00e9e dans la Manche dans la nuit, les autorit\u00e9s ont maintenu un haut niveau de prudence sur l\u2019ensemble de la fa\u00e7ade ouest.<\/p>\n<p>\u00c0 Bordeaux, un \u00e9pisode venteux marqu\u00e9 mais ma\u00eetris\u00e9<\/p>\n<p>En Gironde, la temp\u00eate s\u2019est traduite par un <strong>\u00e9pisode venteux soutenu<\/strong>, avec des rafales marqu\u00e9es jusque dans l\u2019agglom\u00e9ration bordelaise. \u00c0 <strong>Bordeaux<\/strong>, les <strong>services de secours<\/strong> sont intervenus \u00e0 plusieurs reprises pour :<\/p>\n<ul>\n<li>des chutes d\u2019arbres ou de branches,<\/li>\n<li>des \u00e9l\u00e9ments de voirie fragilis\u00e9s,<\/li>\n<li>des obstacles sur certains axes secondaires.<\/li>\n<\/ul>\n<p>On ne signale <strong>aucune victime grave dans la m\u00e9tropole bordelaise<\/strong>. La pr\u00e9fecture a toutefois appel\u00e9 les habitants \u00e0 la prudence, notamment dans les secteurs arbor\u00e9s.<\/p>\n<p><img loading=\"lazy\" decoding=\"async\" aria-describedby=\"caption-attachment-32174\" class=\"size-full wp-image-32174 lazyload ewww_webp_lazy_load\" src=\"https:\/\/www.europesays.com\/fr\/wp-content\/uploads\/2026\/01\/tempete-pays-basque.jpg\" alt=\"Au Pays Basque, la temp\u00eate a touch\u00e9 Biarritz - Jorge G.\" width=\"1200\" height=\"675\" style=\"--smush-placeholder-width: 1200px; --smush-placeholder-aspect-ratio: 1200\/675;\" src-webp=\"https:\/\/www.europesays.com\/fr\/wp-content\/uploads\/2026\/01\/tempete-pays-basque.jpg.webp\"\/><\/p>\n<p id=\"caption-attachment-32174\" class=\"wp-caption-text\">Au Pays Basque, la temp\u00eate a touch\u00e9 Biarritz \u00a9 Jorge G.<\/p>\n<p>Des coupures d\u2019\u00e9lectricit\u00e9 jusque dans le Sud-Ouest<\/p>\n<p>\u00c0 l\u2019\u00e9chelle nationale, <strong>380 000 foyers n\u2019avaient plus d\u2019\u00e9lectricit\u00e9 vendredi matin<\/strong>, selon Enedis. La majorit\u00e9 des coupures concerne la Normandie, mais des interruptions temporaires ont \u00e9galement \u00e9t\u00e9 signal\u00e9es dans l\u2019ouest et le Sud-Ouest. En Gironde, certaines communes ont connu des coupures ponctuelles, li\u00e9es \u00e0 des chutes d\u2019arbres sur les lignes. <strong>Plus de 2 200 techniciens ont \u00e9t\u00e9 mobilis\u00e9s<\/strong> pour r\u00e9tablir le courant dans les plus brefs d\u00e9lais.<\/p>\n<p>C\u00f4t\u00e9 circulation, Bordeaux a \u00e9vit\u00e9 les fermetures majeures, mais des ralentissements ont marqu\u00e9 le d\u00e9but de matin\u00e9e.<\/p>\n<p>Une temp\u00eate impressionnante vue depuis le ciel<\/p>\n<p>Les images satellites diffus\u00e9es par plusieurs sites m\u00e9t\u00e9orologiques montrent une d\u00e9pression particuli\u00e8rement structur\u00e9e et \u00e9tendue, couvrant une large partie de l\u2019Atlantique nord et de l\u2019ouest de l\u2019Europe. Vue depuis l\u2019espace, la temp\u00eate Goretti illustre la puissance des syst\u00e8mes d\u00e9pressionnaires hivernaux qui peuvent encore toucher la France en plein mois de janvier.<\/p>\n<p>Vers un retour progressif au calme \u00e0 Bordeaux<\/p>\n<p>Selon les pr\u00e9visions, le <strong>plus fort de la temp\u00eate est d\u00e9sormais pass\u00e9<\/strong>. Les autorit\u00e9s ont progressivement lev\u00e9 la vigilance orange dans plusieurs d\u00e9partements, et pr\u00e9voient un retour au jaune, puis au vert, d\u2019ici samedi sur l\u2019ensemble du territoire. \u00c0 Bordeaux, les autorit\u00e9s appellent toutefois \u00e0<strong> rester vigilants<\/strong>. En effet, les arbres fragilis\u00e9s, les sols satur\u00e9s par la pluie et les rafales r\u00e9siduelles peuvent encore provoquer des incidents dans les heures \u00e0 venir. Si la ville a \u00e9vit\u00e9 le pire, le passage de Goretti laisse une impression nette : les <a href=\"https:\/\/passion-aquitaine.ouest-france.fr\/tempetes-1999-nouvelle-aquitaine-littoral\/\" target=\"_blank\" rel=\"noopener\">temp\u00eates hivernales gagnent en intensit\u00e9<\/a>.<\/p>\n<p>            Cet article vous pla\u00eet ? Partagez-le ! \ud83d\udc9b<\/p>\n","protected":false},"excerpt":{"rendered":"\ud83d\udd52 Article publi\u00e9 le 9 janvier 2026&#13; \u2705 Mis \u00e0 jour le 9 janvier 2026 La temp\u00eate Goretti&hellip;\n","protected":false},"author":2,"featured_media":651349,"comment_status":"","ping_status":"","sticky":false,"template":"","format":"standard","meta":{"footnotes":""},"categories":[2817],"tags":[1111,11,1997,1777,674,1011,27,71962,75558,12,2219,75560,8542,25,75559,75557,30856,27202],"class_list":{"0":"post-651348","1":"post","2":"type-post","3":"status-publish","4":"format-standard","5":"has-post-thumbnail","7":"category-bordeaux","8":"tag-actu","9":"tag-actualites","10":"tag-bordeaux","11":"tag-eu","12":"tag-europe","13":"tag-fr","14":"tag-france","15":"tag-intempu00e9ries","16":"tag-mu00e9tu00e9o-bordeaux","17":"tag-news","18":"tag-nouvelle-aquitaine","19":"tag-perturbations-circulation","20":"tag-rafales-de-vent","21":"tag-republique-francaise","22":"tag-tempu00eate-2026","23":"tag-tempu00eate-goretti","24":"tag-vents-violents","25":"tag-vigilance-orange"},"share_on_mastodon":{"url":"https:\/\/pubeurope.com\/@fr\/115864417337266160","error":""},"_links":{"self":[{"href":"https:\/\/www.europesays.com\/fr\/wp-json\/wp\/v2\/posts\/651348","targetHints":{"allow":["GET"]}}],"collection":[{"href":"https:\/\/www.europesays.com\/fr\/wp-json\/wp\/v2\/posts"}],"about":[{"href":"https:\/\/www.europesays.com\/fr\/wp-json\/wp\/v2\/types\/post"}],"author":[{"embeddable":true,"href":"https:\/\/www.europesays.com\/fr\/wp-json\/wp\/v2\/users\/2"}],"replies":[{"embeddable":true,"href":"https:\/\/www.europesays.com\/fr\/wp-json\/wp\/v2\/comments?post=651348"}],"version-history":[{"count":0,"href":"https:\/\/www.europesays.com\/fr\/wp-json\/wp\/v2\/posts\/651348\/revisions"}],"wp:featuredmedia":[{"embeddable":true,"href":"https:\/\/www.europesays.com\/fr\/wp-json\/wp\/v2\/media\/651349"}],"wp:attachment":[{"href":"https:\/\/www.europesays.com\/fr\/wp-json\/wp\/v2\/media?parent=651348"}],"wp:term":[{"taxonomy":"category","embeddable":true,"href":"https:\/\/www.europesays.com\/fr\/wp-json\/wp\/v2\/categories?post=651348"},{"taxonomy":"post_tag","embeddable":true,"href":"https:\/\/www.europesays.com\/fr\/wp-json\/wp\/v2\/tags?post=651348"}],"curies":[{"name":"wp","href":"https:\/\/api.w.org\/{rel}","templated":true}]}}