{"id":651350,"date":"2026-01-09T09:24:08","date_gmt":"2026-01-09T09:24:08","guid":{"rendered":"https:\/\/www.europesays.com\/fr\/651350\/"},"modified":"2026-01-09T09:24:08","modified_gmt":"2026-01-09T09:24:08","slug":"deux-accidents-impliquant-des-camions-et-des-voitures-sur-le-periph-de-toulouse-les-bouchons-setendent","status":"publish","type":"post","link":"https:\/\/www.europesays.com\/fr\/651350\/","title":{"rendered":"Deux accidents impliquant des camions et des voitures sur le p\u00e9riph&rsquo; de Toulouse : les bouchons s&rsquo;\u00e9tendent"},"content":{"rendered":"<p>                    Par<br \/>\n        <strong><br \/>\n            <a href=\"https:\/\/actu.fr\/auteur\/redaction-toulouse\" title=\"Consulter tous les articles de R\u00e9daction de Toulouse\" target=\"_blank\" rel=\"noopener\">R\u00e9daction de Toulouse<\/a><br \/>\n                    <\/strong><\/p>\n<p>        Publi\u00e9 le<\/p>\n<p>            9 janv. 2026 \u00e0 8h56        <\/p>\n<p>Deux accident impliquant chacun une voiture et un poids-lourd sont survenus ce vendredi 9 janvier 2026 sur le <a href=\"https:\/\/actu.fr\/tag\/peripherique-de-toulouse\" target=\"_blank\" rel=\"noopener\">p\u00e9riph\u00e9rique de Toulouse<\/a>. On fait le point sur la circulation.<\/p>\n<p>A Montaudran, p\u00e9riph\u00e9rique int\u00e9rieur<\/p>\n<p class=\" wall-content\">Le premier accident a eu lieu sur le p\u00e9riph\u2019 int\u00e9rieur en direction de Montpellier vers 8 heures. Selon Vinci Autoroutes, il est survenu deux kilom\u00e8tres apr\u00e8s la sortie n\u00b018 (Montaudran). Les circonstances de l\u2019accident et la pr\u00e9sence de bless\u00e9s restent \u00e0 confirmer.<\/p>\n<p class=\" wall-content\">Cons\u00e9quence : les voies sont r\u00e9tr\u00e9cies et des bouchons sont \u00e0 pr\u00e9voir sur pr\u00e8s de 5 kilom\u00e8tres, indique Bison Fut\u00e9.\u00a0<\/p>\n<p>Au niveau de l\u2019Oncopole<\/p>\n<p class=\" wall-content\">Un second accident est survenu peu apr\u00e8s 8h30, sur le p\u00e9riph\u00e9rique en direction de Tarbes et Bayonne, un peu apr\u00e8s la bifurcation et juste avant l\u2019Oncopole.<\/p>\n<p class=\" wall-content\"><strong>Une voiture et un poids-lourd sont entr\u00e9s en collision<\/strong>, sur la voie de gauche. Les services de s\u00e9curit\u00e9 sont en route, selon Vinci Autoroutes. Plus d\u2019informations \u00e0 venir concernant de potentiels bless\u00e9s.\u00a0<\/p>\n<p>La\u00a0 mobilisation agricole impacte aussi la circulation<\/p>\n<p class=\" wall-content\">En parall\u00e8le,<a href=\"https:\/\/actu.fr\/occitanie\/toulouse_31555\/les-agriculteurs-bloquent-l-a68-et-l-a680-aux-portes-de-toulouse-le-point-sur-la-circulation_63674023.html\" target=\"_blank\" rel=\"noopener\"> la mobilisation agricole cause la fermeture de l\u2019A680 et de l\u2019A68<\/a>, aux portes de Toulouse.\u00a0<\/p>\n<p>Vid\u00e9os : en ce moment sur Actu<\/p>\n<p class=\" wall-content\">Personnalisez votre actualit\u00e9 en ajoutant vos villes et m\u00e9dias en favori avec <a href=\"https:\/\/moncompte.actu.fr\" title=\"D\u00e9couvez Mon Actu\" rel=\"nofollow noopener\" data-trk=\"{&quot;cta&quot;:{&quot;action&quot;:&quot;https:\\\/\\\/moncompte.actu.fr&quot;,&quot;category&quot;:&quot;mon compte&quot;,&quot;from&quot;:&quot;article footer&quot;,&quot;name&quot;:&quot;Mon actu&quot;,&quot;type&quot;:&quot;cta&quot;}}\" target=\"_blank\">Mon Actu<\/a>.<\/p>\n","protected":false},"excerpt":{"rendered":"Par R\u00e9daction de Toulouse Publi\u00e9 le 9 janv. 2026 \u00e0 8h56 Deux accident impliquant chacun une voiture et&hellip;\n","protected":false},"author":2,"featured_media":651351,"comment_status":"","ping_status":"","sticky":false,"template":"","format":"standard","meta":{"footnotes":""},"categories":[2816],"tags":[119,1111,11,1777,674,1011,27,12,2680,4800,25,104,2312],"class_list":{"0":"post-651350","1":"post","2":"type-post","3":"status-publish","4":"format-standard","5":"has-post-thumbnail","7":"category-toulouse","8":"tag-accident","9":"tag-actu","10":"tag-actualites","11":"tag-eu","12":"tag-europe","13":"tag-fr","14":"tag-france","15":"tag-news","16":"tag-occitanie","17":"tag-peripherique-de-toulouse","18":"tag-republique-francaise","19":"tag-societe","20":"tag-toulouse"},"share_on_mastodon":{"url":"https:\/\/pubeurope.com\/@fr\/115864421247357719","error":""},"_links":{"self":[{"href":"https:\/\/www.europesays.com\/fr\/wp-json\/wp\/v2\/posts\/651350","targetHints":{"allow":["GET"]}}],"collection":[{"href":"https:\/\/www.europesays.com\/fr\/wp-json\/wp\/v2\/posts"}],"about":[{"href":"https:\/\/www.europesays.com\/fr\/wp-json\/wp\/v2\/types\/post"}],"author":[{"embeddable":true,"href":"https:\/\/www.europesays.com\/fr\/wp-json\/wp\/v2\/users\/2"}],"replies":[{"embeddable":true,"href":"https:\/\/www.europesays.com\/fr\/wp-json\/wp\/v2\/comments?post=651350"}],"version-history":[{"count":0,"href":"https:\/\/www.europesays.com\/fr\/wp-json\/wp\/v2\/posts\/651350\/revisions"}],"wp:featuredmedia":[{"embeddable":true,"href":"https:\/\/www.europesays.com\/fr\/wp-json\/wp\/v2\/media\/651351"}],"wp:attachment":[{"href":"https:\/\/www.europesays.com\/fr\/wp-json\/wp\/v2\/media?parent=651350"}],"wp:term":[{"taxonomy":"category","embeddable":true,"href":"https:\/\/www.europesays.com\/fr\/wp-json\/wp\/v2\/categories?post=651350"},{"taxonomy":"post_tag","embeddable":true,"href":"https:\/\/www.europesays.com\/fr\/wp-json\/wp\/v2\/tags?post=651350"}],"curies":[{"name":"wp","href":"https:\/\/api.w.org\/{rel}","templated":true}]}}