{"id":651352,"date":"2026-01-09T09:25:10","date_gmt":"2026-01-09T09:25:10","guid":{"rendered":"https:\/\/www.europesays.com\/fr\/651352\/"},"modified":"2026-01-09T09:25:10","modified_gmt":"2026-01-09T09:25:10","slug":"municipales-2026-a-toulouse-un-candidat-renonce","status":"publish","type":"post","link":"https:\/\/www.europesays.com\/fr\/651352\/","title":{"rendered":"Municipales 2026 \u00e0 Toulouse\u00a0: un candidat renonce"},"content":{"rendered":"<p>\n                                                                    l&rsquo;essentiel<br \/>\n                                                                Repr\u00e9sentant d\u2019un collectif de d\u00e9fense des pi\u00e9tons, Richard Mebaoudj, par ailleurs connu pour son combat contre la Tour Occitanie, annonce qu\u2019il n\u2019a pas pu r\u00e9unir les 69 candidats et candidates n\u00e9cessaires pour mener une liste aux municipales de mars.\n                            <\/p>\n<p>\u00c0 pr\u00e8s d\u2019un mois du d\u00e9p\u00f4t des candidatures pour les municipales qui se d\u00e9rouleront les 15 et 22\u00a0mars, la ligne de d\u00e9part se pr\u00e9cise. Ce jeudi soir, par communiqu\u00e9, un candidat a annonc\u00e9 que, faute d\u2019avoir pu atteindre le nombre n\u00e9cessaire de 69 candidats avec la parit\u00e9, il jetait l\u2019\u00e9ponge. Il s\u2019agit de Richard Mebaoudj qui avait dit vouloir participer \u00e0 l\u2019\u00e9lection il y a un an, d\u00e8s le d\u00e9but de 2025, pour d\u00e9fendre les droits des pi\u00e9tons. Et qui affirmait alors avoir les moyens de monter cette liste.<\/p>\n<p>Connu pour son combat acharn\u00e9 contre la Tour Occitanie, ce Toulousain, qui habite dans le quartier de la gare Matabiau, est aussi le repr\u00e9sentant d\u2019une association de d\u00e9fense des pi\u00e9tons. Avec la liste baptis\u00e9e \u00ab\u00a0Toulouse \u00e0 pied et en commun\u00a0\u00bb, il voulait \u00e0 nouveau mettre l\u2019accent sur la difficile cohabitation pi\u00e9tons-cycles et voitures dans le centre de Toulouse.<\/p>\n<p>Parmi ses propositions figuraient le souhait d\u2019une verbalisation beaucoup plus s\u00e9v\u00e8re des cyclistes, l\u2019obligation de mettre pied \u00e0 terre rue Alsace et la r\u00e9glementation de la circulation des deux-roues sur les digues de la Graonne et berges du canal.<\/p>\n<p>La voix des pi\u00e9tons<\/p>\n<p>S\u2019il renonce aux municipales, Richard Mebaoudj pr\u00e9vient que des membres de son collectif sont pr\u00eats \u00e0 partir aux prochaines l\u00e9gislatives, toujours pour porter la voix des pi\u00e9tons. \u00ab\u00a0Nous constatons que, malheureusement, aucun parti de quelque tendance qu\u2019il soit ne prendra les d\u00e9cisions courageuses et n\u00e9cessaires pour am\u00e9liorer vraiment la situation de plus en plus d\u00e9grad\u00e9e des pi\u00e9tons que ce soit au niveau des municipalit\u00e9s ou de l\u2019Assembl\u00e9e nationale. C\u2019est pour cette raison, que nous maintiendrons la pression, comme nous l\u2019avons fait ces derniers mois, en mettant en avant des sujets et des pr\u00e9occupations ignor\u00e9s par les formations politiques.\u00a0\u00bb Richard Mebaoudj, dont les positions sont proches de LFI bien qu\u2019il d\u00e9fende une posture apolitique, entend donc bien rester pr\u00e9sent dans le d\u00e9bat public.<\/p>\n<p>Derni\u00e8rement, il a enfourch\u00e9 un nouveau cheval de bataille en cr\u00e9ant un collectif de \u00ab\u00a0vigilance\u00a0\u00bb sur les tunneliers de la 3e ligne apr\u00e8s l\u2019effondrement du plancher d\u2019une maison \u00e0 Bonnefoy en juin.<\/p>\n","protected":false},"excerpt":{"rendered":"l&rsquo;essentiel Repr\u00e9sentant d\u2019un collectif de d\u00e9fense des pi\u00e9tons, Richard Mebaoudj, par ailleurs connu pour son combat contre la&hellip;\n","protected":false},"author":2,"featured_media":651353,"comment_status":"","ping_status":"","sticky":false,"template":"","format":"standard","meta":{"footnotes":""},"categories":[2816],"tags":[1111,11,1777,674,1011,27,329,2722,3434,12,2680,316,25,2312,37919],"class_list":{"0":"post-651352","1":"post","2":"type-post","3":"status-publish","4":"format-standard","5":"has-post-thumbnail","7":"category-toulouse","8":"tag-actu","9":"tag-actualites","10":"tag-eu","11":"tag-europe","12":"tag-fr","13":"tag-france","14":"tag-france-monde","15":"tag-haute-garonne","16":"tag-municipales-2026","17":"tag-news","18":"tag-occitanie","19":"tag-politique","20":"tag-republique-francaise","21":"tag-toulouse","22":"tag-u00c9lections"},"share_on_mastodon":{"url":"https:\/\/pubeurope.com\/@fr\/115864425442609641","error":""},"_links":{"self":[{"href":"https:\/\/www.europesays.com\/fr\/wp-json\/wp\/v2\/posts\/651352","targetHints":{"allow":["GET"]}}],"collection":[{"href":"https:\/\/www.europesays.com\/fr\/wp-json\/wp\/v2\/posts"}],"about":[{"href":"https:\/\/www.europesays.com\/fr\/wp-json\/wp\/v2\/types\/post"}],"author":[{"embeddable":true,"href":"https:\/\/www.europesays.com\/fr\/wp-json\/wp\/v2\/users\/2"}],"replies":[{"embeddable":true,"href":"https:\/\/www.europesays.com\/fr\/wp-json\/wp\/v2\/comments?post=651352"}],"version-history":[{"count":0,"href":"https:\/\/www.europesays.com\/fr\/wp-json\/wp\/v2\/posts\/651352\/revisions"}],"wp:featuredmedia":[{"embeddable":true,"href":"https:\/\/www.europesays.com\/fr\/wp-json\/wp\/v2\/media\/651353"}],"wp:attachment":[{"href":"https:\/\/www.europesays.com\/fr\/wp-json\/wp\/v2\/media?parent=651352"}],"wp:term":[{"taxonomy":"category","embeddable":true,"href":"https:\/\/www.europesays.com\/fr\/wp-json\/wp\/v2\/categories?post=651352"},{"taxonomy":"post_tag","embeddable":true,"href":"https:\/\/www.europesays.com\/fr\/wp-json\/wp\/v2\/tags?post=651352"}],"curies":[{"name":"wp","href":"https:\/\/api.w.org\/{rel}","templated":true}]}}