{"id":651359,"date":"2026-01-09T09:29:11","date_gmt":"2026-01-09T09:29:11","guid":{"rendered":"https:\/\/www.europesays.com\/fr\/651359\/"},"modified":"2026-01-09T09:29:11","modified_gmt":"2026-01-09T09:29:11","slug":"a-la-table-du-chef-ippeil-uemura-a-marseille","status":"publish","type":"post","link":"https:\/\/www.europesays.com\/fr\/651359\/","title":{"rendered":"\u00e0 la table du chef Ippeil Uemura \u00e0 Marseille"},"content":{"rendered":"<p>Sur la corniche Kennedy, les grandes baies vitr\u00e9es du restaurant <a href=\"https:\/\/www.restauranttabi.com\/\" target=\"_blank\" rel=\"noopener\">Tabi<\/a> donnent directement, dr\u00f4le de clin d\u2019\u0153il de l\u2019histoire, sur le monument aux arm\u00e9es d\u2019Orient. Elles regardent surtout bien en face la mer qui nourrit tant la cuisine du chef Ippei Uemura, n\u00e9e \u00e0 Kyoto en\u00a01980 et tomb\u00e9 amoureux de Marseille vingt-six ans plus tard.<\/p>\n<p>\u00ab\u00a0J\u2019ai toujours r\u00eav\u00e9 de la France et de sa cuisine, confie-t-il. \u00c0 10\u00a0ans, je lisais des livres de Ducasse et de Bocuse.\u00a0\u00bb En\u00a02006, ce grand voyageur finit par sauter le pas et les oc\u00e9ans. Il d\u00e9barque \u00e0 Cannes pour un poste de chef ex\u00e9cutif et c\u2019est un peu la douche froide. \u00ab\u00a0Cannes, m\u00eame si j\u2019aime y retourner aujourd\u2019hui, ne correspondait pas du tout \u00e0 l\u2019image que je m\u2019\u00e9tais faite de la France, trop de b\u00e9ton, de grands immeubles.\u00a0\u00bb \u00c0 tel point qu\u2019il ne tarde pas \u00e0 prendre son billet de retour pour l\u2019archipel nippon. Trajet qui passe d\u2019abord par une \u00e9tape marseillaise de quelques jours. Et l\u00e0, c\u2019est le coup de foudre. On ne peut gu\u00e8re imaginer plus contrast\u00e9 que l\u2019air de Marseille, joyeusement foutraque et rebelle, et l\u2019ambiance au cordeau des villes <a href=\"https:\/\/www.laprovence.com\/article\/food\/4922064155296315\/pourquoi-les-restaurants-japonais-ont-ils-le-vent-en-poupe-en-paca\" target=\"_blank\" rel=\"noopener\">japonaises<\/a>. Mais c\u2019est bien cette opposition frontale et cette irr\u00e9ductible singularit\u00e9 marseillaise qui retien&#8230;<\/p>\n","protected":false},"excerpt":{"rendered":"Sur la corniche Kennedy, les grandes baies vitr\u00e9es du restaurant Tabi donnent directement, dr\u00f4le de clin d\u2019\u0153il de&hellip;\n","protected":false},"author":2,"featured_media":651360,"comment_status":"","ping_status":"","sticky":false,"template":"","format":"standard","meta":{"footnotes":""},"categories":[2814],"tags":[57778,5734,1111,11,50293,154,75562,1777,674,1011,27,1661,75561,1380,884,12,882,25,4611],"class_list":{"0":"post-651359","1":"post","2":"type-post","3":"status-publish","4":"format-standard","5":"has-post-thumbnail","7":"category-marseille","8":"tag-10-ans","9":"tag-5734","10":"tag-actu","11":"tag-actualites","12":"tag-bocuse","13":"tag-des","14":"tag-ducasse","15":"tag-eu","16":"tag-europe","17":"tag-fr","18":"tag-france","19":"tag-gastronomie","20":"tag-lisais","21":"tag-livres","22":"tag-marseille","23":"tag-news","24":"tag-provence-alpes-cote-dazur","25":"tag-republique-francaise","26":"tag-table"},"share_on_mastodon":{"url":"https:\/\/pubeurope.com\/@fr\/115864440911964611","error":""},"_links":{"self":[{"href":"https:\/\/www.europesays.com\/fr\/wp-json\/wp\/v2\/posts\/651359","targetHints":{"allow":["GET"]}}],"collection":[{"href":"https:\/\/www.europesays.com\/fr\/wp-json\/wp\/v2\/posts"}],"about":[{"href":"https:\/\/www.europesays.com\/fr\/wp-json\/wp\/v2\/types\/post"}],"author":[{"embeddable":true,"href":"https:\/\/www.europesays.com\/fr\/wp-json\/wp\/v2\/users\/2"}],"replies":[{"embeddable":true,"href":"https:\/\/www.europesays.com\/fr\/wp-json\/wp\/v2\/comments?post=651359"}],"version-history":[{"count":0,"href":"https:\/\/www.europesays.com\/fr\/wp-json\/wp\/v2\/posts\/651359\/revisions"}],"wp:featuredmedia":[{"embeddable":true,"href":"https:\/\/www.europesays.com\/fr\/wp-json\/wp\/v2\/media\/651360"}],"wp:attachment":[{"href":"https:\/\/www.europesays.com\/fr\/wp-json\/wp\/v2\/media?parent=651359"}],"wp:term":[{"taxonomy":"category","embeddable":true,"href":"https:\/\/www.europesays.com\/fr\/wp-json\/wp\/v2\/categories?post=651359"},{"taxonomy":"post_tag","embeddable":true,"href":"https:\/\/www.europesays.com\/fr\/wp-json\/wp\/v2\/tags?post=651359"}],"curies":[{"name":"wp","href":"https:\/\/api.w.org\/{rel}","templated":true}]}}