{"id":651364,"date":"2026-01-09T09:33:16","date_gmt":"2026-01-09T09:33:16","guid":{"rendered":"https:\/\/www.europesays.com\/fr\/651364\/"},"modified":"2026-01-09T09:33:16","modified_gmt":"2026-01-09T09:33:16","slug":"en-direct-tempete-goretti-82-000-foyers-prives-delectricite-deux-departements-maintenus-en-vigilance-orange-vent","status":"publish","type":"post","link":"https:\/\/www.europesays.com\/fr\/651364\/","title":{"rendered":"EN DIRECT &#8211; Temp\u00eate Goretti : 82\u00a0000\u00a0foyers priv\u00e9s d&rsquo;\u00e9lectricit\u00e9, deux d\u00e9partements maintenus en vigilance orange vent"},"content":{"rendered":"<p>Face \u00e0 la temp\u00eate, plusieurs perturbations sont \u00e0 venir dans les transports franciliens. On fait le point avec vous :\u00a0<\/p>\n<p>\u2022 RER A : trafic interrompu en raison d&rsquo;arbres sur les voies.\u00a0<\/p>\n<p>\u2022 \u00a0RER D : d\u00e9but de service sur les axes Corbeil\/Ris Orangis, Corbeil\/Malesherbes, Corbeil\/Melun \u00e0 partir de 9h<\/p>\n<p>\u2022 \u00a0Ligne L : d\u00e9but de service sur l\u2019axe Saint-Cloud \u2013 Saint-Nom-la-Bret\u00e8che \u00e0 8h<\/p>\n<p>\u2022 Ligne J : \u00a0limitation du dernier train \u00e0 destination de Gisors en gare de Pontoise. Mise en place d\u2019un bus de substitution. D\u00e9but de service entre 7h et 10h selon les axes<\/p>\n<p>\u2022 Lignes N et U : des reconnaissances pr\u00e9vues ce matin pour d\u00e9finir l\u2019heure de reprise<\/p>\n<p>\u2022 Ligne P : \u00a0le d\u00e9but de service est estim\u00e9 entre 7h et 10h<\/p>\n<p>\u2022 C\u00e2ble 1 : fin de service \u00e0 partir de 21h hier soir, jusqu\u2019\u00e0 ce midi. Un bus de substitution sera mis en place.\u00a0<\/p>\n<p>Les lignes H, K, N, U, ainsi que les RER B et C \u00ab\u00a0pourraient \u00eatre impact\u00e9es\u00a0\u00bb aujourd&rsquo;hui \u00ab\u00a0en fonction de l\u2019\u00e9tat des voies, tout comme les lignes TER vers les Hauts-de-France (vers Compi\u00e8gne, Saint-Quentin, Amiens, Beauvais)\u00a0\u00bb.\u00a0<\/p>\n","protected":false},"excerpt":{"rendered":"Face \u00e0 la temp\u00eate, plusieurs perturbations sont \u00e0 venir dans les transports franciliens. On fait le point avec&hellip;\n","protected":false},"author":2,"featured_media":651365,"comment_status":"","ping_status":"","sticky":false,"template":"","format":"standard","meta":{"footnotes":""},"categories":[1592],"tags":[1111,11,75421,1921,1777,674,1011,27,662,1922,11007,12,626,11008,2119,25,133,11009],"class_list":{"0":"post-651364","1":"post","2":"type-post","3":"status-publish","4":"format-standard","5":"has-post-thumbnail","7":"category-ile-de-france","8":"tag-actu","9":"tag-actualites","10":"tag-apres-la-neige-et-le-verglas-la-tempete-goretti","11":"tag-article-video","12":"tag-eu","13":"tag-europe","14":"tag-fr","15":"tag-france","16":"tag-ile-de-france","17":"tag-info","18":"tag-meteo-quotidienne","19":"tag-news","20":"tag-paris","21":"tag-phenomenes-meteo","22":"tag-previsions-meteo","23":"tag-republique-francaise","24":"tag-video","25":"tag-video-meteo-et-intemperies"},"share_on_mastodon":{"url":"https:\/\/pubeurope.com\/@fr\/115864456641621491","error":""},"_links":{"self":[{"href":"https:\/\/www.europesays.com\/fr\/wp-json\/wp\/v2\/posts\/651364","targetHints":{"allow":["GET"]}}],"collection":[{"href":"https:\/\/www.europesays.com\/fr\/wp-json\/wp\/v2\/posts"}],"about":[{"href":"https:\/\/www.europesays.com\/fr\/wp-json\/wp\/v2\/types\/post"}],"author":[{"embeddable":true,"href":"https:\/\/www.europesays.com\/fr\/wp-json\/wp\/v2\/users\/2"}],"replies":[{"embeddable":true,"href":"https:\/\/www.europesays.com\/fr\/wp-json\/wp\/v2\/comments?post=651364"}],"version-history":[{"count":0,"href":"https:\/\/www.europesays.com\/fr\/wp-json\/wp\/v2\/posts\/651364\/revisions"}],"wp:featuredmedia":[{"embeddable":true,"href":"https:\/\/www.europesays.com\/fr\/wp-json\/wp\/v2\/media\/651365"}],"wp:attachment":[{"href":"https:\/\/www.europesays.com\/fr\/wp-json\/wp\/v2\/media?parent=651364"}],"wp:term":[{"taxonomy":"category","embeddable":true,"href":"https:\/\/www.europesays.com\/fr\/wp-json\/wp\/v2\/categories?post=651364"},{"taxonomy":"post_tag","embeddable":true,"href":"https:\/\/www.europesays.com\/fr\/wp-json\/wp\/v2\/tags?post=651364"}],"curies":[{"name":"wp","href":"https:\/\/api.w.org\/{rel}","templated":true}]}}