{"id":651376,"date":"2026-01-09T09:39:17","date_gmt":"2026-01-09T09:39:17","guid":{"rendered":"https:\/\/www.europesays.com\/fr\/651376\/"},"modified":"2026-01-09T09:39:17","modified_gmt":"2026-01-09T09:39:17","slug":"moscou-affirme-avoir-lance-un-missile-hypersonique-orechnik-lukraine-lance-une-alerte-a-travers-tout-le-pays","status":"publish","type":"post","link":"https:\/\/www.europesays.com\/fr\/651376\/","title":{"rendered":"Moscou affirme avoir lanc\u00e9 un missile hypersonique Orechnik, l&rsquo;Ukraine lance une \u00ab\u00a0alerte\u00a0\u00bb \u00e0 travers tout le pays"},"content":{"rendered":"\n<p class=\"c-chapo \">\n  Au moins quatre\u00a0personnes sont mortes dans des bombardements russes qui ont notamment vis\u00e9 plusieurs immeubles r\u00e9sidentiels de la capitale ukrainienne.\n<\/p>\n<p>      lire plus tard<\/p>\n<p id=\"dialog__title\" class=\"dialog__title\">Pour sauvegarder cet article, connectez-vous ou cr\u00e9ez un compte franceinfo<\/p>\n<p class=\"dialog__description\">Sans paiement. Sans abonnement.<\/p>\n<p>        Fermer la fen\u00eatre d\u2019activation des notifications France Info<\/p>\n<p>      cr\u00e9er votre compte<\/p>\n<p>      se connecter<\/p>\n<p>      :<\/p>\n<p>        Fermer la fen\u00eatre de pr\u00e9sentation<\/p>\n<p>    <img loading=\"lazy\" decoding=\"async\" class=\"signature__image lazyload\" width=\"100\" height=\"100\" data- alt=\"\" src=\"https:\/\/www.europesays.com\/fr\/wp-content\/uploads\/2025\/05\/64a68815cd1a7_placeholder-36b69ec8.png\"\/><\/p>\n<p>    Publi\u00e9 le 09\/01\/2026 07:19<\/p>\n<p>      Mis \u00e0 jour le 09\/01\/2026 09:48<\/p>\n<p>        Temps de lecture : 2min<\/p>\n<p>    <img decoding=\"async\"  alt=\"Un immeuble de Kiev (Ukraine), d\u00e9truit par une frappe russe, dans la nuit du 8 au 9 janvier 2026. (EFREM LUKATSKY \/ AP \/ SIPA)\" width=\"432\" height=\"243\" src=\"https:\/\/www.europesays.com\/fr\/wp-content\/uploads\/2026\/01\/sipa-ap23007503-000004-69609b38060ea710322323.jpg\" fetchpriority=\"high\"\/><\/p>\n<p>      Un immeuble de Kiev (Ukraine), d\u00e9truit par une frappe russe, dans la nuit du 8 au 9 janvier 2026. (EFREM LUKATSKY \/ AP \/ SIPA)<\/p>\n<p>La Russie a men\u00e9 des bombardements d&rsquo;ampleur sur l&rsquo;Ukraine, dans la nuit du jeudi 8 au vendredi 9\u00a0janvier.\u00a0\u00ab\u00a0L&rsquo;ennemi a lanc\u00e9 une attaque combin\u00e9e contre des infrastructures critiques, en utilisant des drones de combat, des missiles navals et terrestres\u00a0\u00bb, rapporte\u00a0<a href=\"https:\/\/t.me\/GeneralStaffZSU\/33570\" target=\"_blank\" rel=\"noopener\" data-tooltip-url=\"https:\/\/t.me\/GeneralStaffZSU\/33570\">sur Telegram<\/a> l&rsquo;arm\u00e9e de l&rsquo;air ukrainienne, qui affirme avoir abattu 244\u00a0cibles a\u00e9riennes russes. Toutefois, 34\u00a0attaques a\u00e9riennes russes, soit 18\u00a0missiles et 16\u00a0drones, ont touch\u00e9 19\u00a0sites, pr\u00e9cise la m\u00eame source.\u00a0<\/p>\n<p>Parmi les villes vis\u00e9es, Kiev, la capitale. \u00ab\u00a0A l&rsquo;heure actuelle, on d\u00e9nombre quatre\u00a0morts et 19\u00a0bless\u00e9s\u00a0\u00bb, rapporte son maire Vitali Klitschko, <a href=\"https:\/\/t.me\/vitaliy_klitschko\/5973\" target=\"_blank\" rel=\"noopener\" data-tooltip-url=\"https:\/\/t.me\/vitaliy_klitschko\/5973\">sur Telegram<\/a>, alors que plusieurs immeubles r\u00e9sidentiels ont \u00e9t\u00e9 frapp\u00e9s par des drones.\u00a0<\/p>\n<p>\u00ab\u00a0Tout est mis en \u0153uvre actuellement pour r\u00e9tablir au plus vite le chauffage et l\u2019\u00e9lectricit\u00e9 pour la population, promet Volodymyr Zelensky, <a href=\"https:\/\/t.me\/V_Zelenskiy_official\/17604\" target=\"_blank\" rel=\"noopener\">toujours sur Telegram<\/a>. \u00ab\u00a0Outre nos infrastructures civiles et nos installations \u00e9nerg\u00e9tiques habituelles, un drone russe a endommag\u00e9 cette nuit le b\u00e2timent de l&rsquo;ambassade du Qatar. Un Etat qui \u0153uvre \u00e9norm\u00e9ment comme m\u00e9diateur avec la Russie pour la lib\u00e9ration de prisonniers de guerre et de civils d\u00e9tenus dans les prisons russes, rapporte le pr\u00e9sident ukrainien.\u00a0<\/p>\n<p>A l&rsquo;ouest du pays, la ville de Lviv a \u00e9galement fait l&rsquo;objet dans la nuit d&rsquo;une \u00ab\u00a0frappe de missile\u00a0\u00bb, a indiqu\u00e9 le chef de l&rsquo;administration de Lviv, Maksym Kozytsky, sans faire \u00e9tat de victimes.\u00a0Selon le maire de la ville, Andrii Sadovy\u00ef, \u00ab\u00a0une infrastructure critique\u00a0\u00bb non pr\u00e9cis\u00e9e a \u00e9t\u00e9 touch\u00e9e.\u00a0<\/p>\n<p>Vendredi matin, la Russie a confirm\u00e9 avoir vis\u00e9 des \u00ab\u00a0cibles strat\u00e9giques\u00a0\u00bb \u00e0 l&rsquo;aide <a href=\"https:\/\/www.franceinfo.fr\/monde\/europe\/manifestations-en-ukraine\/guerre-en-ukraine-ce-que-l-on-sait-du-nouveau-missile-experimental-tire-par-la-russie-que-vladimir-poutine-dit-vouloir-produire-en-serie_6913127.html\" data-tooltip-url=\"https:\/\/www.franceinfo.fr\/monde\/europe\/manifestations-en-ukraine\/guerre-en-ukraine-ce-que-l-on-sait-du-nouveau-missile-experimental-tire-par-la-russie-que-vladimir-poutine-dit-vouloir-produire-en-serie_6913127.html\" target=\"_blank\" rel=\"noopener\">du missile hypersonique Orechnik<\/a>.\u00a0Ces frappes, dont le nombre et les objectifs exacts n&rsquo;ont pas \u00e9t\u00e9 pr\u00e9cis\u00e9s, sont intervenues \u00ab\u00a0en r\u00e9ponse \u00e0 l&rsquo;attentat terroriste perp\u00e9tr\u00e9 par le r\u00e9gime de Kiev\u00a0\u00bb contre une r\u00e9sidence de Vladimir Poutine fin d\u00e9cembre, rapporte <a href=\"https:\/\/t.me\/mod_russia\/60186\" target=\"_blank\" rel=\"noopener\" data-tooltip-url=\"https:\/\/t.me\/mod_russia\/60186\">sur Telegram<\/a> le minist\u00e8re russe de la D\u00e9fense. L&rsquo;Ukraine a toujours affirm\u00e9 qu&rsquo;il s&rsquo;agissait d&rsquo;un \u00ab\u00a0mensonge\u00a0\u00bb.<\/p>\n<p>Par ailleurs, plus de 500\u00a0000\u00a0personnes sont priv\u00e9es d&rsquo;\u00e9lectricit\u00e9 \u00e0 la suite d&rsquo;une attaque ukrainienne sur la r\u00e9gion russe de Belgorod, a annonc\u00e9 de son c\u00f4t\u00e9 le gouverneur local, Viatcheslav Gladkov.\u00a0\u00ab\u00a0A 6 heures du matin aujourd&rsquo;hui, 556\u00a0000\u00a0personnes de six municipalit\u00e9s sont sans \u00e9lectricit\u00e9, quasiment le m\u00eame nombre n&rsquo;a pas de chauffage\u00a0\u00bb, a-t-il indiqu\u00e9 <a href=\"https:\/\/t.me\/vvgladkov\/18293\" target=\"_blank\" rel=\"noopener\" data-tooltip-url=\"https:\/\/t.me\/vvgladkov\/18293\">sur Telegram<\/a>, pr\u00e9cisant que 200\u00a0000\u00a0personnes \u00e9taient \u00e9galement priv\u00e9es d&rsquo;eau et d&rsquo;assainissement. La r\u00e9gion jouxte la ville ukrainienne de Kharkiv.<\/p>\n","protected":false},"excerpt":{"rendered":"Au moins quatre\u00a0personnes sont mortes dans des bombardements russes qui ont notamment vis\u00e9 plusieurs immeubles r\u00e9sidentiels de la&hellip;\n","protected":false},"author":2,"featured_media":651377,"comment_status":"","ping_status":"","sticky":false,"template":"","format":"standard","meta":{"footnotes":""},"categories":[1590],"tags":[11,1777,674,12,220],"class_list":{"0":"post-651376","1":"post","2":"type-post","3":"status-publish","4":"format-standard","5":"has-post-thumbnail","7":"category-ukraine","8":"tag-actualites","9":"tag-eu","10":"tag-europe","11":"tag-news","12":"tag-ukraine"},"share_on_mastodon":{"url":"https:\/\/pubeurope.com\/@fr\/115864480366342565","error":""},"_links":{"self":[{"href":"https:\/\/www.europesays.com\/fr\/wp-json\/wp\/v2\/posts\/651376","targetHints":{"allow":["GET"]}}],"collection":[{"href":"https:\/\/www.europesays.com\/fr\/wp-json\/wp\/v2\/posts"}],"about":[{"href":"https:\/\/www.europesays.com\/fr\/wp-json\/wp\/v2\/types\/post"}],"author":[{"embeddable":true,"href":"https:\/\/www.europesays.com\/fr\/wp-json\/wp\/v2\/users\/2"}],"replies":[{"embeddable":true,"href":"https:\/\/www.europesays.com\/fr\/wp-json\/wp\/v2\/comments?post=651376"}],"version-history":[{"count":0,"href":"https:\/\/www.europesays.com\/fr\/wp-json\/wp\/v2\/posts\/651376\/revisions"}],"wp:featuredmedia":[{"embeddable":true,"href":"https:\/\/www.europesays.com\/fr\/wp-json\/wp\/v2\/media\/651377"}],"wp:attachment":[{"href":"https:\/\/www.europesays.com\/fr\/wp-json\/wp\/v2\/media?parent=651376"}],"wp:term":[{"taxonomy":"category","embeddable":true,"href":"https:\/\/www.europesays.com\/fr\/wp-json\/wp\/v2\/categories?post=651376"},{"taxonomy":"post_tag","embeddable":true,"href":"https:\/\/www.europesays.com\/fr\/wp-json\/wp\/v2\/tags?post=651376"}],"curies":[{"name":"wp","href":"https:\/\/api.w.org\/{rel}","templated":true}]}}