{"id":651382,"date":"2026-01-09T09:42:28","date_gmt":"2026-01-09T09:42:28","guid":{"rendered":"https:\/\/www.europesays.com\/fr\/651382\/"},"modified":"2026-01-09T09:42:28","modified_gmt":"2026-01-09T09:42:28","slug":"allemagne-nouvelle-hausse-de-la-production-industrielle-en-novembre","status":"publish","type":"post","link":"https:\/\/www.europesays.com\/fr\/651382\/","title":{"rendered":"Allemagne : nouvelle hausse de la production industrielle en novembre"},"content":{"rendered":"<p>\n                            Apr\u00e8s une hausse de 2% en octobre (r\u00e9vis\u00e9e d&rsquo;une estimation initiale qui \u00e9tait de 1,8%), la production industrielle de l&rsquo;Allemagne en volume a augment\u00e9 de 0,8% en novembre 2025 par rapport au mois pr\u00e9c\u00e9dent, selon des donn\u00e9es CVS-CJO de Destatis.\n                    <\/p>\n<p>                    Ce dernier explique que ce d\u00e9veloppement positif de la production est principalement d\u00fb \u00e0 la croissance observ\u00e9e dans l&rsquo;industrie automobile (+7,8%), alors que la diminution de la production d&rsquo;\u00e9nergie (-7,8%) a eu un effet n\u00e9gatif.<\/p>\n<p>En excluant l&rsquo;\u00e9nergie et la construction (-0,8%), la production manufacturi\u00e8re proprement dite s&rsquo;est accrue de 2,1% par rapport \u00e0 octobre, port\u00e9e en particulier par une progression de 4,9% de la production de biens d&rsquo;\u00e9quipement.<\/p>\n","protected":false},"excerpt":{"rendered":"Apr\u00e8s une hausse de 2% en octobre (r\u00e9vis\u00e9e d&rsquo;une estimation initiale qui \u00e9tait de 1,8%), la production industrielle&hellip;\n","protected":false},"author":2,"featured_media":651383,"comment_status":"","ping_status":"","sticky":false,"template":"","format":"standard","meta":{"footnotes":""},"categories":[1587],"tags":[11,672,340,1804,1805,1803,1777,674,1801,12,1802],"class_list":{"0":"post-651382","1":"post","2":"type-post","3":"status-publish","4":"format-standard","5":"has-post-thumbnail","7":"category-allemagne","8":"tag-actualites","9":"tag-allemagne","10":"tag-bourse","11":"tag-bundesrepublik-deutschland","12":"tag-de","13":"tag-deutschland","14":"tag-eu","15":"tag-europe","16":"tag-germany","17":"tag-news","18":"tag-republique-federale-dallemagne"},"share_on_mastodon":{"url":"https:\/\/pubeurope.com\/@fr\/115864492051852537","error":""},"_links":{"self":[{"href":"https:\/\/www.europesays.com\/fr\/wp-json\/wp\/v2\/posts\/651382","targetHints":{"allow":["GET"]}}],"collection":[{"href":"https:\/\/www.europesays.com\/fr\/wp-json\/wp\/v2\/posts"}],"about":[{"href":"https:\/\/www.europesays.com\/fr\/wp-json\/wp\/v2\/types\/post"}],"author":[{"embeddable":true,"href":"https:\/\/www.europesays.com\/fr\/wp-json\/wp\/v2\/users\/2"}],"replies":[{"embeddable":true,"href":"https:\/\/www.europesays.com\/fr\/wp-json\/wp\/v2\/comments?post=651382"}],"version-history":[{"count":0,"href":"https:\/\/www.europesays.com\/fr\/wp-json\/wp\/v2\/posts\/651382\/revisions"}],"wp:featuredmedia":[{"embeddable":true,"href":"https:\/\/www.europesays.com\/fr\/wp-json\/wp\/v2\/media\/651383"}],"wp:attachment":[{"href":"https:\/\/www.europesays.com\/fr\/wp-json\/wp\/v2\/media?parent=651382"}],"wp:term":[{"taxonomy":"category","embeddable":true,"href":"https:\/\/www.europesays.com\/fr\/wp-json\/wp\/v2\/categories?post=651382"},{"taxonomy":"post_tag","embeddable":true,"href":"https:\/\/www.europesays.com\/fr\/wp-json\/wp\/v2\/tags?post=651382"}],"curies":[{"name":"wp","href":"https:\/\/api.w.org\/{rel}","templated":true}]}}