{"id":651394,"date":"2026-01-09T09:49:29","date_gmt":"2026-01-09T09:49:29","guid":{"rendered":"https:\/\/www.europesays.com\/fr\/651394\/"},"modified":"2026-01-09T09:49:29","modified_gmt":"2026-01-09T09:49:29","slug":"ce-doit-etre-le-debut-de-quelque-chose","status":"publish","type":"post","link":"https:\/\/www.europesays.com\/fr\/651394\/","title":{"rendered":"Ce doit \u00eatre le d\u00e9but de quelque chose"},"content":{"rendered":"<p><strong>Le <a href=\"https:\/\/www.facebook.com\/cvb52hm\/?locale=fr_FR\" target=\"_blank\" rel=\"noopener\">Chaumont VB 52 Haute-Marne<\/a> a r\u00e9agi de belle fa\u00e7on, mardi 6 janvier au soir, \u00e0 Palestra, aux heures compliqu\u00e9es qui ont pr\u00e9c\u00e9d\u00e9 le seizi\u00e8me de finale retour de <a href=\"https:\/\/jhm.fr\/le-chaumont-vb52-a-la-bonne-attitude\/\" target=\"_blank\" rel=\"noopener\">Challenge cup, face aux Grecs de Syros<\/a>. Mais ce sursaut, s\u2019il reste isol\u00e9, ne servira \u00e0 rien.<\/strong><\/p>\n<p>C\u2019est une dr\u00f4le d\u2019ambiance qui r\u00e9gnait, mardi 6 janvier, \u00e0 Palestra. Un m\u00e9lange d\u2019\u00e9motion, de pression et d\u2019interrogation \u00e9tait palpable des tribunes au terrain. Apr\u00e8s le d\u00e9part pr\u00e9cipit\u00e9 de l\u2019embl\u00e9matique Silvano Prandi du banc du Chaumont VB 52 Haute-Marne la veille, les r\u00e9actions n\u2019ont pas tard\u00e9. Comment l\u2019\u00e9quipe pouvait-elle se relever d\u2019un pareil \u201cchoc\u201d\u00a0en \u00e0 peine 24 heures, alors qu\u2019un seizi\u00e8me de finale retour de coupe d\u2019Europe pointait \u00e0 l\u2019horizon ?<\/p>\n<p>Le technicien italien, lui, en \u00e9tait persuad\u00e9 en laissant sa place sur le banc\u00a0: \u00ab c\u2019est l\u2019ultime et l\u2019unique solution pour tenter de sortir le groupe de cette situation.\u00a0\u00bb Force est de constater que l\u2019\u00e9lectrochoc a fonctionn\u00e9. Emmen\u00e9 par l\u2019entra\u00eeneur-adjoint, Iban Perez, le m\u00eame \u201csept\u201d\u00a0de d\u00e9part que celui en place lors du naufrage face \u00e0 Saint-Nazaire trois jours plus t\u00f4t (except\u00e9e la titularisation de Rok Bracko \u00e0 la place d\u2019Alexandros Raptis), a totalement chang\u00e9 de visage.<\/p>\n<p>\u00ab\u00a0On se sent forc\u00e9ment responsables de la situation\u00a0\u00bb. \u00ab\u00a0\u00c7a a \u00e9t\u00e9 un choc\u00a0\u00bb\u2026 Les joueurs ont d\u00fb aussi dig\u00e9rer ce bouleversement brutal. L\u2019attitude a \u00e9t\u00e9 la bonne. Face aux Grecs de Syros, qui avaient remport\u00e9 le match aller au \u201ctie-break\u201d, l\u2019orgueil des C\u00e9v\u00e9bistes a \u00e9t\u00e9 le plus fort. La victoire en trois sets n\u2019a souffert d\u2019aucune contestation et a logiquement marqu\u00e9 la diff\u00e9rence de niveau qui doit exister entre le CVB 52 et le huiti\u00e8me du championnat hell\u00e8ne.<\/p>\n<p>Reste d\u00e9sormais \u00e0 savoir si cette r\u00e9action qui a abouti \u00e0 la qualification en huiti\u00e8mes de finale de la Challenge cup restera effective dans la continuit\u00e9. \u00ab\u00a0J\u2019attends forc\u00e9ment des effets p\u00e9rennes \u00e0 cette victoire\u00a0\u00bb, a d\u2019ailleurs pr\u00e9venu imm\u00e9diatement apr\u00e8s le coup de sifflet final le pr\u00e9sident chaumontais Bruno Soirfeck.<\/p>\n<p>Un hommage est pr\u00e9vu<\/p>\n<p>Car le v\u00e9ritable changement aper\u00e7u mardi 6 janvier face aux Grecs, et intervenu en trois jours seulement, n\u2019est pas d\u2019ordre technique ou tactique. Il est bien dans l\u2019attitude d\u00e9montr\u00e9 par ces m\u00eames joueurs, certainement touch\u00e9s dans leur fiert\u00e9. Il a \u00e9t\u00e9 nourri par une agressivit\u00e9 retrouv\u00e9e, une combativit\u00e9 de tous les instants. Les poings rageurs brandis par Alex Saaremaa et Rok Bracko \u00e0 chacun de leurs points marqu\u00e9s ont \u00e9t\u00e9 de v\u00e9ritables signes de ralliement pour un groupe qui s\u2019est mis au diapason de cette d\u00e9termination.<\/p>\n<p>Le CVB 52 le sait depuis le d\u00e9but de saison\u00a0: il ne poss\u00e8de pas les meilleures individualit\u00e9s du championnat et ne trouvera son salut que par un collectif soud\u00e9 et impliqu\u00e9. Mardi 6 janvier, les Chaumontais ont battu des Grecs\u00a0: pas vraiment un exploit si l\u2019on compare les deux comp\u00e9titions nationales respectives.<\/p>\n<p>Ils auront d\u2019autres combats autrement plus importants \u00e0 remporter lors des prochaines semaines et des adversaires plus redoutables \u00e0 faire tomber  imp\u00e9rativement.<\/p>\n<p>A commencer d\u00e8s samedi 10 janvier, par S\u00e8te, en championnat, o\u00f9 la position des C\u00e9v\u00e9bistes n\u2019a pas \u00e9volu\u00e9, toujours au bord de la rel\u00e9gation.<\/p>\n<p>Mardi 6 janvier, le public de Palestra, choqu\u00e9 par l\u2019absence de Silvano Prandi, est mont\u00e9 en puissance au fil du match, s\u2019est repris au jeu au fil des sets. Il faudra d\u00e9sormais tourner la page\u2026 M\u00eame si le club l\u2019a promis\u00a0: il fera revenir le technicien italien \u00e0 Palestra pour lui offrir l\u2019hommage qu\u2019il m\u00e9rite dans quelques mois, accompagn\u00e9, il l\u2019esp\u00e8re, de son ancienne \u00e9quipe\u2026 dans une posture plus digne.<\/p>\n<p><strong>Laurent G\u00e9nin<\/strong><\/p>\n<p><a href=\"https:\/\/jhm.fr\/chaumont-vb-52-hm-ce-doit-etre-le-debut-de-quelque-chose\/mailto:l.genin@jhm.fr\" target=\"_blank\" rel=\"noopener\">l.genin@jhm.fr<\/a><\/p>\n<p>Gros plan sur\u2026 Iban Perez (Entra\u00eeneur-adjoint du CVB 52)<\/p>\n<p><strong>Propuls\u00e9 aux commandes du Chaumont VB 52 Haute-Marne, du jour au lendemain, apr\u00e8s le d\u00e9part pr\u00e9cipit\u00e9 de l\u2019entra\u00eeneur Silvano Prandi, son adjoint Iban Perez raconte les heures compliqu\u00e9es qui ont abouti \u00e0 la victoire face \u00e0 Syros, mardi 6 janvier.<\/strong><\/p>\n<p><img loading=\"lazy\" decoding=\"async\" width=\"1024\" height=\"681\" src=\"https:\/\/www.europesays.com\/fr\/wp-content\/uploads\/2026\/01\/VOLLEY-CVB-GROUPE-1024x681.jpg\" alt=\"Pour sa premi\u00e8re sur un banc en Marmara Spikeligue, &#10;Iban Perez s\u2019est offert une victoire gratifiante, &#10;mardi 6 janvier, \u00e0 Palestra, face aux Grecs de Syros. (Photo : D. Piot)\" class=\"wp-image-5871428\"  \/>Pour sa premi\u00e8re sur un banc en Marmara Spikeligue, Iban Perez s\u2019est offert une victoire gratifiante, mardi 6 janvier, \u00e0 Palestra, face aux Grecs de Syros. (Photo : D. Piot)<\/p>\n<p><strong>jhm quotidien\u00a0: Comment avez-vous abord\u00e9 ce match dans le r\u00f4le de coach principal, dans un contexte difficile ?<\/strong><\/p>\n<p><strong>Iban Perez (entra\u00eeneur-adjoint du CVB 52)\u00a0:<\/strong> \u00ab\u00a0J\u2019ai d\u2019abord \u00e9t\u00e9 forc\u00e9ment tr\u00e8s surpris par l\u2019annonce du d\u00e9part de Silvano (Prandi). \u00c7a a \u00e9t\u00e9 un choc pour tout le monde. Mais j\u2019ai d\u00fb tout de suite pens\u00e9 \u00e0 ce match face \u00e0 Syros. Je n\u2019ai pas eu de craintes particuli\u00e8res \u00e0 l\u2019id\u00e9e de reprendre la s\u00e9ance d\u2019entra\u00eenement de lundi et le management. Il faut dire que je b\u00e9n\u00e9ficiais d\u2019un avantage, c\u2019est que je ne d\u00e9couvrais pas le groupe. Je reprenais un collectif que j\u2019ai suivi depuis le d\u00e9but de saison. Et puis, m\u00eame si je n\u2019ai jamais entra\u00een\u00e9 \u00e0 ce niveau, je poss\u00e8de n\u00e9anmoins une petite exp\u00e9rience du management de six ans en Elite (Halluin pendant deux ans et Bellaing pendant quatre ans). Je me suis servi de tout cela pour pr\u00e9parer le match.\u00a0\u00bb<\/p>\n<p><strong>jhm quotidien\u00a0: Quels ont \u00e9t\u00e9 vos premiers mots au groupe en tant qu\u2019entra\u00eeneur ?<\/strong><\/p>\n<p><strong>I. P.\u00a0:<\/strong> \u00ab\u00a0C\u2019est peut-\u00eatre la seule v\u00e9ritable chose \u00e0 laquelle j\u2019ai vraiment r\u00e9fl\u00e9chi en reprenant ce r\u00f4le. Je devais faire un discours aux joueurs sans tournure n\u00e9gative, avec seulement du positif. J\u2019ai vraiment choisi mes mots, car pour moi, le probl\u00e8me de ce groupe est avant tout psychologique et comportemental. Je n\u2019ai pas de baguette magique et je ne vais pas transformer cette \u00e9quipe en \u201cmachine \u00e0 gagner\u201d en une journ\u00e9e. J\u2019ai la chance d\u2019\u00eatre assez proche des joueurs depuis le d\u00e9but de saison et j\u2019ai tent\u00e9 vraiment de jouer sur le c\u00f4t\u00e9 rassurant, mais en leur indiquant que je voulais voir des combattants sur le terrain, sans peur de mal faire et avec l\u2019envie de l\u00e2cher les chevaux\u00a0: tout le contraire de notre derni\u00e8re prestation contre Saint-Nazaire. Perdre si l\u2019on a vraiment tout donner ne me g\u00eane pas. \u00bb<\/p>\n<p><strong>jhm quotidien\u00a0: Que peut changer cette victoire face \u00e0 Syros\u00a0?<\/strong><\/p>\n<p><strong>I. P.\u00a0:<\/strong> \u00ab\u00a0C\u2019est tr\u00e8s bien d\u2019avoir obtenu notre qualification pour les huiti\u00e8mes de finale. C\u2019\u00e9tait important de r\u00e9agir apr\u00e8s les heures compliqu\u00e9es qui ont pr\u00e9c\u00e9d\u00e9 ce match. Mais si ce succ\u00e8s n\u2019est pas suivi d\u2019effets \u00e0 S\u00e8te, samedi 10 janvier, il ne sert \u00e0 rien. Cette victoire en coupe d\u2019Europe ne change pas notre situation en championnat, qui reste, au vu de notre situation, l\u2019objectif prioritaire de cette deuxi\u00e8me partie de saison. Syros ne nous apporte aucun point au classement de la Marmara Spikeligue et le d\u00e9placement \u00e0 S\u00e8te, samedi 10 janvier, demandera la m\u00eame implication et la m\u00eame combativit\u00e9.\u00a0\u00bb<\/p>\n<p><strong>jhm quotidien\u00a0: Que retiendrez-vous de cette saison et demie pass\u00e9e aux c\u00f4t\u00e9s de Silvano Prandi\u00a0?<\/strong><\/p>\n<p><strong>I. P.\u00a0:<\/strong> \u00ab\u00a0Durant ces quelques mois avec lui, j\u2019ai l\u2019impression d\u2019avoir pris l\u2019exp\u00e9rience de plusieurs ann\u00e9es. Je pouvais ne pas \u00eatre d\u2019accord sur ses choix, mais \u00e0 le regarder travailler au quotidien avec les joueurs, j\u2019ai compris beaucoup de choses. Il ne n\u00e9glige aucuns d\u00e9tails, et au fil des explications, on se dit\u00a0: \u201ctiens, il a raison et \u00e7a marche\u00a0!\u201d. Son exp\u00e9rience et sa science du volley m\u2019ont \u00e9t\u00e9 tr\u00e8s pr\u00e9cieuses. Je le remercie \u00e9norm\u00e9ment pour tout ce qu\u2019il m\u2019a apport\u00e9. Il y avait beaucoup d\u2019\u00e9motion autour de lui durant ce match et je l\u2019ai partag\u00e9e.\u00a0\u00bb<\/p>\n<p><strong>jhm quotidien\u00a0: Avez-vous pris du plaisir mardi 6 janvier face \u00e0 Syros\u00a0?<\/strong><\/p>\n<p><strong>I. P.\u00a0:<\/strong> \u00ab\u00a0Oui \u00e9norm\u00e9ment\u00a0! J\u2019ai \u00e9t\u00e9 ravi de la r\u00e9action des joueurs, de les voir prendre autant de risques au service, \u00e0 l\u2019attaque avec r\u00e9ussite. On peut faire des choses avec cette \u00e9quipe si les joueurs s\u2019en donnent les moyens\u00a0!\u00a0\u00bb<\/p>\n<p><strong>Recueillis par L. G.<\/strong><\/p>\n<p>Le jeu et les joueurs du CVB 52Brett Walsh prend ses responsabilit\u00e9s<\/p>\n<p><strong>Les joueurs du Chaumont VB 52 Haute-Marne \u00e9taient forc\u00e9ment attendus lors du match face aux Grecs de Syros, mardi soir, \u00e0 Palestra, apr\u00e8s l\u2019annonce du d\u00e9part de l\u2019entra\u00eeneur Silvano Prandi la veille. Ils ont r\u00e9pondu pr\u00e9sent, avec une qualification en huiti\u00e8me de finale de Challenge cup \u00e0 la cl\u00e9.<\/strong><\/p>\n<p><strong>Th\u00e9o Durand (lib\u00e9ro)\u00a0:<\/strong> Le lib\u00e9ro chaumontais a tenu son r\u00f4le de fa\u00e7on solide, en r\u00e9ception comme en d\u00e9fense, se montrant tr\u00e8s concentr\u00e9, notamment sur quelques gestes moins ma\u00eetris\u00e9s qu\u2019il a tout de suite effac\u00e9s par une remise en question imm\u00e9diate.<\/p>\n<p><strong>Twan Wiltenburg (3 att. sur 5, 2 cont., 0 ser., 2 fautes dir.)\u00a0:<\/strong> Le N\u00e9erlandais, toujours peu fourni en ballons d\u2019attaque, a n\u00e9anmoins montr\u00e9 beaucoup d\u2019implication tout au long du match, servant la cause de son \u00e9quipe au \u201cblock\u201d et au service, avec tr\u00e8s peu de fautes directes \u00e0 la cl\u00e9.<\/p>\n<p><strong>HOMME DU MATCH\u00a0: Brett Walsh (0 att., 1 cont., 2 ser., 4 fautes dir.)\u00a0: <\/strong>Voil\u00e0 le vrai capitaine d\u2019\u00e9quipe que le CVB 52 attend\u00a0! De la lucidit\u00e9 dans les passes, des risques contr\u00f4l\u00e9s et de la qualit\u00e9 sur certains<br \/>gestes individuels, au service et au contre. Le Canadien doit d\u00e9sormais poursuivre sur cette voie avec de la constance dans ses prestations.<\/p>\n<p><strong>Pierre Toledo (11 att. sur 20, 3 cont., 3 ser., 5 fautes dir.)\u00a0:<\/strong> L\u2019attaquant chaumontais a retrouv\u00e9 son efficacit\u00e9 et ses aptitudes de joueur complet. M\u00eame s\u2019il a connu encore quelques moments difficiles<br \/>durant le match, il les a parfaitement compens\u00e9s par son r\u00e9alisme. Son bilan reste largement positif.<\/p>\n<p><strong>Jacob Pasteur (13 att. sur 20, 0 cont., 2 ser., 4 fautes dir.)\u00a0: <\/strong>L\u2019Am\u00e9ricain doit absolument conserver cette dynamique durant toute la deuxi\u00e8me partie de saison. Quand il parvient \u00e0 profiter totalement de ses aptitudes techniques et physiques, il devient un joueur \u201cmajuscule\u201d. Ses deux \u201caces\u201d\u00a0pour conclure les deuxi\u00e8me et troisi\u00e8me sets sont les symboles de cette confiance qui doit \u00eatre la sienne constamment.<\/p>\n<p><strong>Alex Saaremaa (3 att. sur 7, 2 cont., 1 ser., 5 fautes dir.)\u00a0:<\/strong> Voil\u00e0 quelques matches d\u00e9j\u00e0 que l\u2019Estonien d\u00e9montre une mont\u00e9e en puissance dans ses prestations. Mardi 6 janvier, il a encore un peu plus marqu\u00e9 les esprits par sa qualit\u00e9 de service et son abattage au \u201cblock\u201d. Il lui reste simplement \u00e0 gommer encore certaines fautes directes, qui sont souvent dues \u00e0 sa grande d\u00e9termination. Son attitude sur le terrain est \u00e9galement tr\u00e8s positive.<\/p>\n<p><strong>Rok Bracko (8 att. sur 13, 0 cont., 1 ser., 5 fautes dir.)\u00a0:<\/strong> Titularis\u00e9 par Iban Perez, le Slov\u00e8ne a parfaitement r\u00e9pondu aux attentes de son coach. M\u00eame si son jeu demande encore un peu moins de fautes<br \/>directes, son comportement et son efficacit\u00e9 ont \u00e9t\u00e9 pr\u00e9cieux.<\/p>\n<p><strong>Joshua Marty (1 faute dir.)\u00a0:<\/strong> Le jeune attaquant chaumontais a effectu\u00e9 une entr\u00e9e en jeu dans le deuxi\u00e8me set au service, qui a abouti \u00e0 un point suppl\u00e9mentaire pour son \u00e9quipe au bout de l\u2019\u00e9change.<\/p>\n","protected":false},"excerpt":{"rendered":"Le Chaumont VB 52 Haute-Marne a r\u00e9agi de belle fa\u00e7on, mardi 6 janvier au soir, \u00e0 Palestra, aux&hellip;\n","protected":false},"author":2,"featured_media":651395,"comment_status":"","ping_status":"","sticky":false,"template":"","format":"standard","meta":{"footnotes":""},"categories":[1417],"tags":[1011,27,60,1470,1469],"class_list":{"0":"post-651394","1":"post","2":"type-post","3":"status-publish","4":"format-standard","5":"has-post-thumbnail","7":"category-volley","8":"tag-fr","9":"tag-france","10":"tag-sports","11":"tag-volley","12":"tag-volleyball"},"share_on_mastodon":{"url":"https:\/\/pubeurope.com\/@fr\/115864519654655601","error":""},"_links":{"self":[{"href":"https:\/\/www.europesays.com\/fr\/wp-json\/wp\/v2\/posts\/651394","targetHints":{"allow":["GET"]}}],"collection":[{"href":"https:\/\/www.europesays.com\/fr\/wp-json\/wp\/v2\/posts"}],"about":[{"href":"https:\/\/www.europesays.com\/fr\/wp-json\/wp\/v2\/types\/post"}],"author":[{"embeddable":true,"href":"https:\/\/www.europesays.com\/fr\/wp-json\/wp\/v2\/users\/2"}],"replies":[{"embeddable":true,"href":"https:\/\/www.europesays.com\/fr\/wp-json\/wp\/v2\/comments?post=651394"}],"version-history":[{"count":0,"href":"https:\/\/www.europesays.com\/fr\/wp-json\/wp\/v2\/posts\/651394\/revisions"}],"wp:featuredmedia":[{"embeddable":true,"href":"https:\/\/www.europesays.com\/fr\/wp-json\/wp\/v2\/media\/651395"}],"wp:attachment":[{"href":"https:\/\/www.europesays.com\/fr\/wp-json\/wp\/v2\/media?parent=651394"}],"wp:term":[{"taxonomy":"category","embeddable":true,"href":"https:\/\/www.europesays.com\/fr\/wp-json\/wp\/v2\/categories?post=651394"},{"taxonomy":"post_tag","embeddable":true,"href":"https:\/\/www.europesays.com\/fr\/wp-json\/wp\/v2\/tags?post=651394"}],"curies":[{"name":"wp","href":"https:\/\/api.w.org\/{rel}","templated":true}]}}