{"id":651396,"date":"2026-01-09T09:50:11","date_gmt":"2026-01-09T09:50:11","guid":{"rendered":"https:\/\/www.europesays.com\/fr\/651396\/"},"modified":"2026-01-09T09:50:11","modified_gmt":"2026-01-09T09:50:11","slug":"antoine-dupont-le-patron-reprend-ses-galons-pourquoi-le-choix-du-staff-change-plus-de-choses-quil-ny-parait","status":"publish","type":"post","link":"https:\/\/www.europesays.com\/fr\/651396\/","title":{"rendered":"Antoine Dupont\u2005: le patron reprend ses galons ! Pourquoi le choix du staff change plus de choses qu&rsquo;il n&rsquo;y para\u00eet"},"content":{"rendered":"<p>\n                                                                    l&rsquo;essentiel<br \/>\n                                                                De retour sur les terrains depuis un mois et demi, le demi de m\u00eal\u00e9e international (29 ans ; 59 s\u00e9lections) va profiter du d\u00e9placement \u00e0 Londres et du match face aux Saracens, dimanche 11 janvier \u00e0 l&rsquo;occasion de la 3e journ\u00e9e de Champions Cup (18h30), pour retrouver son statut de capitaine.\n                            <\/p>\n<p>Apr\u00e8s lui avoir laiss\u00e9 le temps de tranquillement remettre le pied \u00e0 l\u2019\u00e9trier, le staff toulousain va redonner, ce dimanche 11 janvier, le capitanat \u00e0 Antoine Dupont.Une responsabilit\u00e9 qu\u2019il n\u2019a plus assum\u00e9e en club depuis pr\u00e8s d\u2019un an, et la promenade face \u00e0 Leicester \u00e0 Ernest-Wallon. Un choix anecdotique pour l\u2019int\u00e9ress\u00e9, interrog\u00e9 hier sur le fait de savoir si la seconde partie de la phase de poules de la Champions Cup \u00e9tait le bon moment.<\/p>\n<p class=\"std-elt__inline\">\n        <strong>\u00c0 lire aussi :<\/strong><br \/>\n        <a href=\"https:\/\/www.ladepeche.fr\/2026\/01\/08\/saracens-stade-toulousain-ca-fait-un-peu-beaucoup-romain-ntamack-ne-jouera-pas-on-en-sait-plus-sur-sa-duree-dindisponibilite-13150387.php\" target=\"_blank\" rel=\"noopener\">Saracens \u2013 Stade Toulousain\u00a0: \u00ab\u00a0\u00c7a fait un peu beaucoup\u00a0\u00bb\u2026 Romain Ntamack ne jouera pas, on en sait plus sur sa dur\u00e9e d\u2019indisponibilit\u00e9<\/a>\n    <\/p>\n<p>\u00ab\u00a0Je ne sais pas, h\u00e9sitait-il. Que ce soit Julien (Marchand), Jack (Willis) ou moi, je partage avec grand plaisir ce r\u00f4le. Et m\u00eame si c\u2019est \u00e9crit (il n\u2019y a pas de brassard au rugby, NDLR), des leaders, on en a beaucoup dans l\u2019\u00e9quipe et \u00e7a ne change pas grand-chose \u00e0 ma pr\u00e9paration ou \u00e0 mon r\u00f4le dans l\u2019\u00e9quipe. C\u2019est tomb\u00e9 comme \u00e7a mais en tout cas, moi je me sens bien donc \u00e7a ne me d\u00e9range pas de retrouver ce r\u00f4le-l\u00e0.\u00a0\u00bb<\/p>\n<p class=\"std-elt__inline\">\n        <strong>\u00c0 lire aussi :<\/strong><br \/>\n        <a href=\"https:\/\/www.ladepeche.fr\/2026\/01\/08\/antoine-dupont-au-rugby-on-verrait-une-pluie-de-cartons-le-joueur-star-raconte-les-differences-darbitrage-avec-le-foot-13150418.php\" target=\"_blank\" rel=\"noopener\">Antoine Dupont\u00a0: \u00ab\u00a0Au rugby, on verrait une pluie de cartons\u00a0!\u00a0\u00bb Le joueur star raconte les diff\u00e9rences d\u2019arbitrage avec le foot<\/a>\n    <\/p>\n<p>Influence imperceptible mais ind\u00e9niable<\/p>\n<p>Fringuant sur les terrains, avec une derni\u00e8re prestation stratosph\u00e9rique contre La Rochelle pour tourner en beaut\u00e9 la page d\u2019une ann\u00e9e 2025 qui lui a caus\u00e9 bien des tracas, avec huit mois d\u2019arr\u00eat apr\u00e8s avoir laiss\u00e9 \u00e0 Dublin le crois\u00e9 ant\u00e9rieur de son genou droit, \u00ab\u00a0Toto\u00a0\u00bb retrouve donc son r\u00f4le comme si de rien n\u2019\u00e9tait.Et \u00e0 l\u2019\u00e9couter, cela ne change pas grand-chose \u00e0 sa relation avec les arbitres.<\/p>\n<p class=\"std-elt__inline\">\n        <strong>\u00c0 lire aussi :<\/strong><br \/>\n        <a href=\"https:\/\/www.ladepeche.fr\/2026\/01\/07\/en-roumanie-ils-parlaient-du-rugby-toulouse-football-club-il-y-a-30-ans-le-stade-toulousain-remportait-la-1ere-coupe-deurope-herve-manent-raconte-13146537.php\" target=\"_blank\" rel=\"noopener\">\u00ab\u00a0En Roumanie, ils parlaient du Rugby Toulouse\u00a0Football Club\u00a0\u00bb : il y a 30 ans, le Stade Toulousain remportait la 1\u00e8re Coupe d\u2019Europe<\/a>\n    <\/p>\n<p>\u00ab\u00a0Quand je suis demi de m\u00eal\u00e9e, de toute fa\u00e7on, j\u2019ai ce r\u00f4le de leader de jeu. J\u2019ai aussi ce contact avec les arbitres, l\u00e2che-t-il. Surtout au niveau international, ils ont l\u2019\u00e9change plus facile qu\u2019en championnat, donc c\u2019est facile pour nous de pouvoir \u00e9changer. Ils sont toujours ouverts \u00e0 la discussion. Donc m\u00eame si je ne suis pas capitaine, j\u2019ai toujours ces \u00e9changes-l\u00e0 pour essayer de r\u00e9pondre au mieux \u00e0 leurs attentes, donc \u00e7a ne changera pas beaucoup de ce c\u00f4t\u00e9-l\u00e0.\u00a0\u00bb<\/p>\n<p class=\"std-elt__inline\">\n        <strong>\u00c0 lire aussi :<\/strong><br \/>\n        <a href=\"https:\/\/www.ladepeche.fr\/2026\/01\/08\/entretien-saracens-stade-toulousain-plus-le-droit-a-lerreur-si-on-ambitionne-daller-loin-previent-antoine-dupont-13149995.php\" target=\"_blank\" rel=\"noopener\">ENTRETIEN. Saracens-Stade Toulousain\u00a0: \u00ab\u00a0Plus le droit \u00e0 l\u2019erreur si on ambitionne d\u2019aller loin\u00a0\u00bb, pr\u00e9vient Antoine Dupont<\/a>\n    <\/p>\n<p>Pourtant, aussi imperceptibles soient-elles, l\u2019influence et l\u2019aura que l\u2019on peut avoir quand on s\u2019appelle Antoine Dupont et que l\u2019on fait partie, au minimum, du top 5 mondial, ne peuvent \u00eatre ni\u00e9es.Et le fait que le staff haut-garonnais choisisse ce moment charni\u00e8re pour la suite de la campagne transcontinentale pour ressortir cet atout de sa manche ne doit sans doute rien au hasard\u2026<\/p>\n","protected":false},"excerpt":{"rendered":"l&rsquo;essentiel De retour sur les terrains depuis un mois et demi, le demi de m\u00eal\u00e9e international (29 ans&hellip;\n","protected":false},"author":2,"featured_media":651397,"comment_status":"","ping_status":"","sticky":false,"template":"","format":"standard","meta":{"footnotes":""},"categories":[1416],"tags":[1011,27,2722,479,1468,68796,517,60,476,2312],"class_list":{"0":"post-651396","1":"post","2":"type-post","3":"status-publish","4":"format-standard","5":"has-post-thumbnail","7":"category-rugby","8":"tag-fr","9":"tag-france","10":"tag-haute-garonne","11":"tag-rugby","12":"tag-rugby-football","13":"tag-rugby-u00e0-xv","14":"tag-sport","15":"tag-sports","16":"tag-stade-toulousain","17":"tag-toulouse"},"share_on_mastodon":{"url":"https:\/\/pubeurope.com\/@fr\/115864523550243623","error":""},"_links":{"self":[{"href":"https:\/\/www.europesays.com\/fr\/wp-json\/wp\/v2\/posts\/651396","targetHints":{"allow":["GET"]}}],"collection":[{"href":"https:\/\/www.europesays.com\/fr\/wp-json\/wp\/v2\/posts"}],"about":[{"href":"https:\/\/www.europesays.com\/fr\/wp-json\/wp\/v2\/types\/post"}],"author":[{"embeddable":true,"href":"https:\/\/www.europesays.com\/fr\/wp-json\/wp\/v2\/users\/2"}],"replies":[{"embeddable":true,"href":"https:\/\/www.europesays.com\/fr\/wp-json\/wp\/v2\/comments?post=651396"}],"version-history":[{"count":0,"href":"https:\/\/www.europesays.com\/fr\/wp-json\/wp\/v2\/posts\/651396\/revisions"}],"wp:featuredmedia":[{"embeddable":true,"href":"https:\/\/www.europesays.com\/fr\/wp-json\/wp\/v2\/media\/651397"}],"wp:attachment":[{"href":"https:\/\/www.europesays.com\/fr\/wp-json\/wp\/v2\/media?parent=651396"}],"wp:term":[{"taxonomy":"category","embeddable":true,"href":"https:\/\/www.europesays.com\/fr\/wp-json\/wp\/v2\/categories?post=651396"},{"taxonomy":"post_tag","embeddable":true,"href":"https:\/\/www.europesays.com\/fr\/wp-json\/wp\/v2\/tags?post=651396"}],"curies":[{"name":"wp","href":"https:\/\/api.w.org\/{rel}","templated":true}]}}