{"id":651400,"date":"2026-01-09T09:55:10","date_gmt":"2026-01-09T09:55:10","guid":{"rendered":"https:\/\/www.europesays.com\/fr\/651400\/"},"modified":"2026-01-09T09:55:10","modified_gmt":"2026-01-09T09:55:10","slug":"pinarello-q36-5-pro-cycling-team-leffectif-2026-actualite","status":"publish","type":"post","link":"https:\/\/www.europesays.com\/fr\/651400\/","title":{"rendered":"Pinarello-Q36.5 Pro Cycling Team : L&rsquo;effectif 2026 &#8211; Actualit\u00e9"},"content":{"rendered":"<p style=\"text-align: justify;\">La formation Pinarello-Q36.5 comptera un effectif de 30\u00a0coureurs en 2026. La ProTeam \u00e0 licence suisse sera toujours articul\u00e9e autour de son leader britannique <strong><a href=\"https:\/\/www.directvelo.com\/coureur\/16414\/thomas-pidcock\" target=\"_blank\" rel=\"noopener\">Tom Pidcock<\/a><\/strong>.\u00a0<strong>\u00c0<\/strong> l&rsquo;intersaison, l&rsquo;\u00e9quipe s&rsquo;est renforc\u00e9e avec plusieurs arriv\u00e9es, dont celle du Fran\u00e7ais\u00a0<strong><a href=\"https:\/\/www.directvelo.com\/coureur\/36760\/emmanuel-houcou\" target=\"_blank\" rel=\"noopener\">Emmanuel Houcou<\/a><\/strong> (Ark\u00e9a-B&amp;B H\u00f4tels Continentale). Un autre sprinteur qui appartenait \u00e0 une structure fran\u00e7aise, l&rsquo;Irlandais\u00a0<strong><a href=\"https:\/\/www.directvelo.com\/coureur\/342\/sam-bennett\" target=\"_blank\" rel=\"noopener\">Sam Bennett<\/a><\/strong> (Decathlon AG2R La Mondiale), rejoint lui aussi l&rsquo;aventure.\u00a0<strong><br \/><\/strong><\/p>\n<p style=\"text-align: justify;\">L&rsquo;effectif 2026 de Pinarello-Q36.5 :<br \/>Xabier Mikel Azparren Irurzun, 26 ans<br \/>Matteo Badilatti , 33 ans <br \/>Sjoerd Bax, 29 ans <br \/>Sam Bennett, 35 ans (Decathlon AG2R La Mondiale)<br \/>Walter Calzoni, 24 ans <br \/>Marcel Camprubi Pijuan, 24 ans <br \/>Fabio Christen, 23 ans <br \/>Aim\u00e9 De Gendt, 31 ans (Cofidis) <br \/>David De La Cruz, 36 ans <br \/>Mark Donovan, 26 ans <br \/>Edward Dunbar, 29 ans (Team Jayco AlUla)<br \/>Frederik Frison, 33 ans <br \/>Thomas Gloag, 24 ans (Visma-Lease a Bike)<br \/>David Gonzalez Lopez, 29 ans <br \/>Chris Harper, 31 ans (Team Jayco Alula)<br \/>Quinten Hermans, 30 ans (Alpecin-Deceuninck)<br \/>Emmanuel Houcou, 22 ans (Ark\u00e9a-B&amp;B H\u00f4tels Continentale)<br \/>Damien Howson, 33 ans <br \/>Emils Liepins, 33 ans <br \/>Kamil Malecki, 29 ans <br \/>Xandro Meurisse, 33 ans (Alpecin-Deceuninck)<br \/>Matteo Moschetti, 29 ans <br \/>Nicol\u00f2 Parisini, 25 ans <br \/>Joseph Pidcock, 23 ans <br \/>Tom Pidcock, 26 ans <br \/>Milan Vader, 29 ans <br \/>Brent Van Moer, 27 ans (Lotto)<br \/>Harm Vanhoucke, 28 ans <br \/>Fred Wright, 26 ans (Bahrain Victorious)<br \/>Nickolas Zukowsky, 27 ans<\/p>\n<p>Les d\u00e9parts : Enekoitz Azparren Irurzun (?), Gianluca Brambilla (arr\u00eat), Giacomo Nizzolo (arr\u00eat), Jannik Steimle (arr\u00eat) et Rory Townsend (Unibet Rose Rockets).\u00a0<\/p>\n","protected":false},"excerpt":{"rendered":"La formation Pinarello-Q36.5 comptera un effectif de 30\u00a0coureurs en 2026. La ProTeam \u00e0 licence suisse sera toujours articul\u00e9e&hellip;\n","protected":false},"author":2,"featured_media":651401,"comment_status":"","ping_status":"","sticky":false,"template":"","format":"standard","meta":{"footnotes":""},"categories":[1411],"tags":[834,828,836,829,837,827,83,826,824,823,1154,207,814,817,815,816,822,821,832,211,839,1011,27,820,818,819,835,831,830,833,838,60,212,208,825],"class_list":{"0":"post-651400","1":"post","2":"type-post","3":"status-publish","4":"format-standard","5":"has-post-thumbnail","7":"category-cyclisme","8":"tag-attaque","9":"tag-belgique","10":"tag-braquet","11":"tag-bretagne","12":"tag-chute","13":"tag-competition","14":"tag-coupe-de-france","15":"tag-coureur","16":"tag-course-cyclisme","17":"tag-course-cycliste","18":"tag-cycling","19":"tag-cyclisme","20":"tag-direct","21":"tag-direct-velo","22":"tag-directvelo","23":"tag-directvelo-com","24":"tag-epreuve","25":"tag-epreuve-cycliste","26":"tag-federation-francaise-de-cyclisme","27":"tag-ffc","28":"tag-flandres","29":"tag-fr","30":"tag-france","31":"tag-live","32":"tag-live-course","33":"tag-live-epreuve","34":"tag-peloton","35":"tag-radio-peloton","36":"tag-radio-tour","37":"tag-ravitaillement","38":"tag-relance","39":"tag-sports","40":"tag-uci","41":"tag-velo","42":"tag-velos"},"share_on_mastodon":{"url":"https:\/\/pubeurope.com\/@fr\/115864543136639950","error":""},"_links":{"self":[{"href":"https:\/\/www.europesays.com\/fr\/wp-json\/wp\/v2\/posts\/651400","targetHints":{"allow":["GET"]}}],"collection":[{"href":"https:\/\/www.europesays.com\/fr\/wp-json\/wp\/v2\/posts"}],"about":[{"href":"https:\/\/www.europesays.com\/fr\/wp-json\/wp\/v2\/types\/post"}],"author":[{"embeddable":true,"href":"https:\/\/www.europesays.com\/fr\/wp-json\/wp\/v2\/users\/2"}],"replies":[{"embeddable":true,"href":"https:\/\/www.europesays.com\/fr\/wp-json\/wp\/v2\/comments?post=651400"}],"version-history":[{"count":0,"href":"https:\/\/www.europesays.com\/fr\/wp-json\/wp\/v2\/posts\/651400\/revisions"}],"wp:featuredmedia":[{"embeddable":true,"href":"https:\/\/www.europesays.com\/fr\/wp-json\/wp\/v2\/media\/651401"}],"wp:attachment":[{"href":"https:\/\/www.europesays.com\/fr\/wp-json\/wp\/v2\/media?parent=651400"}],"wp:term":[{"taxonomy":"category","embeddable":true,"href":"https:\/\/www.europesays.com\/fr\/wp-json\/wp\/v2\/categories?post=651400"},{"taxonomy":"post_tag","embeddable":true,"href":"https:\/\/www.europesays.com\/fr\/wp-json\/wp\/v2\/tags?post=651400"}],"curies":[{"name":"wp","href":"https:\/\/api.w.org\/{rel}","templated":true}]}}