{"id":651402,"date":"2026-01-09T09:56:11","date_gmt":"2026-01-09T09:56:11","guid":{"rendered":"https:\/\/www.europesays.com\/fr\/651402\/"},"modified":"2026-01-09T09:56:11","modified_gmt":"2026-01-09T09:56:11","slug":"medhi-benatia-a-t-il-annonce-son-depart-de-lom","status":"publish","type":"post","link":"https:\/\/www.europesays.com\/fr\/651402\/","title":{"rendered":"Medhi Benatia a-t-il annonc\u00e9 son d\u00e9part de l&rsquo;OM ?"},"content":{"rendered":"<p><strong>A l\u2019issue de la d\u00e9faite<br \/>\nenregistr\u00e9e par l\u2019Olympique de Marseille face au PSG, jeudi, lors<br \/>\ndu Troph\u00e9e des champions, Medhi Benatia a tenu des propos<br \/>\n\u00e9nigmatiques sur son avenir.<\/strong><\/p>\n<p>L\u2019Olympique de Marseille \u00e9tait partag\u00e9 par deux sentiments<br \/>\ncontraires apr\u00e8s la d\u00e9faite conc\u00e9d\u00e9e aux tirs au but face au PSG<br \/>\ndans le Troph\u00e9e des champions. Si les Phoc\u00e9ens \u00e9taient d\u00e9vast\u00e9s par<br \/>\nle sc\u00e9nario de cette d\u00e9faite, ils souhaitaient \u00e9galement retenir<br \/>\nleur belle prestation.<\/p>\n<p>\u00ab\u00a0Marseille m\u00e9ritait de gagner\u00a0\u00bb, a ainsi<br \/>\nconfi\u00e9 Roberto De Zerbi apr\u00e8s avoir confi\u00e9 avoir craqu\u00e9 dans le<br \/>\nvestiaire\u00a0: \u00ab\u00a0Je n\u2019ai jamais pleur\u00e9 apr\u00e8s avoir perdu<br \/>\net aujourd\u2019hui, j\u2019ai pleur\u00e9 quand je suis entr\u00e9 dans le<br \/>\nvestiaire. \u00bb<\/p>\n<p>Medhi Benatia partageait le m\u00eame sentiment que son entra\u00eeneur.<br \/>\n\u00ab\u00a0En termes de jeu, de prestation, on a vu une tr\u00e8s belle<br \/>\n\u00e9quipe sur le terrain qui a toujours essay\u00e9 de trouver la solution.<br \/>\nJe sors de ce match d\u00e9go\u00fbt\u00e9, d\u00e9pit\u00e9, mais avec beaucoup d\u2019ambitions<br \/>\npour la suite\u00a0\u00bb, a-t-il indiqu\u00e9, ajoutant\u00a0:<br \/>\n\u00ab\u00a0Pour moi, il n\u2019y a pas de hasard. Tu ne fais pas ce<br \/>\nmatch face au PSG si tu n\u2019as pas une belle \u00e9quipe et un grand<br \/>\nentra\u00eeneur. \u00bb\u00a0<\/p>\n<p>\u00ab\u00a0\u00c0 Marseille, c\u2019est difficile de se projeter\u00a0\u00bb<\/p>\n<p>\u00ab\u00a0Il faut juste savoir \u2018profiter\u2019 de ce genre de match<br \/>\nm\u00eame si ce n\u2019est pas une victoire. Profiter du travail qui a \u00e9t\u00e9<br \/>\nfait, pas tout le temps que critiquer et critiquer\u00a0\u00bb,<br \/>\na-t-il poursuivi avant de lancer une phrase qui a sem\u00e9 le<br \/>\ntrouble\u00a0: \u00ab Dans pas longtemps, vous verrez qu\u2019il y aura<br \/>\nd\u2019autres personnes \u00e0 notre place et il faudra encore leur laisser<br \/>\ndu temps pour travailler parce qu\u2019\u00e0 Marseille, tu n\u2019as jamais le<br \/>\ntemps. C\u2019est tout le temps dans l\u2019adversit\u00e9, la critique et tout<br \/>\n\u00e7a. C\u2019est la v\u00e9rit\u00e9. Je ne me projette sur rien du tout, je regarde<br \/>\ndemain. \u00bb\u00a0<\/p>\n<p>Relanc\u00e9 sur son avenir, Medhi Benatia s\u2019est voulu \u00e9vasif.<br \/>\n\u00ab\u00a0Les prochaines ann\u00e9es, je ne sais pas. \u00c0 Marseille,<br \/>\nc\u2019est difficile de se projeter\u00a0\u00bb, a-t-il souffl\u00e9,<br \/>\ninsistant: \u00ab\u00a0Encore une fois, je parle pour moi. Vous avez<br \/>\ncit\u00e9 le match de Nantes tout \u00e0 l\u2019heure, il y avait tout \u00e0 jeter.<br \/>\nDonc pour ma part, je ne me projette pas du tout, bien au<br \/>\ncontraire. \u00bb\u00a0<\/p>\n","protected":false},"excerpt":{"rendered":"A l\u2019issue de la d\u00e9faite enregistr\u00e9e par l\u2019Olympique de Marseille face au PSG, jeudi, lors du Troph\u00e9e des&hellip;\n","protected":false},"author":2,"featured_media":651403,"comment_status":"","ping_status":"","sticky":false,"template":"","format":"standard","meta":{"footnotes":""},"categories":[1410],"tags":[63,1011,27,60],"class_list":{"0":"post-651402","1":"post","2":"type-post","3":"status-publish","4":"format-standard","5":"has-post-thumbnail","7":"category-football","8":"tag-football","9":"tag-fr","10":"tag-france","11":"tag-sports"},"share_on_mastodon":{"url":"https:\/\/pubeurope.com\/@fr\/115864547135333111","error":""},"_links":{"self":[{"href":"https:\/\/www.europesays.com\/fr\/wp-json\/wp\/v2\/posts\/651402","targetHints":{"allow":["GET"]}}],"collection":[{"href":"https:\/\/www.europesays.com\/fr\/wp-json\/wp\/v2\/posts"}],"about":[{"href":"https:\/\/www.europesays.com\/fr\/wp-json\/wp\/v2\/types\/post"}],"author":[{"embeddable":true,"href":"https:\/\/www.europesays.com\/fr\/wp-json\/wp\/v2\/users\/2"}],"replies":[{"embeddable":true,"href":"https:\/\/www.europesays.com\/fr\/wp-json\/wp\/v2\/comments?post=651402"}],"version-history":[{"count":0,"href":"https:\/\/www.europesays.com\/fr\/wp-json\/wp\/v2\/posts\/651402\/revisions"}],"wp:featuredmedia":[{"embeddable":true,"href":"https:\/\/www.europesays.com\/fr\/wp-json\/wp\/v2\/media\/651403"}],"wp:attachment":[{"href":"https:\/\/www.europesays.com\/fr\/wp-json\/wp\/v2\/media?parent=651402"}],"wp:term":[{"taxonomy":"category","embeddable":true,"href":"https:\/\/www.europesays.com\/fr\/wp-json\/wp\/v2\/categories?post=651402"},{"taxonomy":"post_tag","embeddable":true,"href":"https:\/\/www.europesays.com\/fr\/wp-json\/wp\/v2\/tags?post=651402"}],"curies":[{"name":"wp","href":"https:\/\/api.w.org\/{rel}","templated":true}]}}