{"id":651406,"date":"2026-01-09T09:58:15","date_gmt":"2026-01-09T09:58:15","guid":{"rendered":"https:\/\/www.europesays.com\/fr\/651406\/"},"modified":"2026-01-09T09:58:15","modified_gmt":"2026-01-09T09:58:15","slug":"a-photo-elysee-un-necessaire-questionnement-autour-des-archives-coloniales-du-studio-allemand-lehnert-landrock-fleuron-de-liconographie-orientaliste","status":"publish","type":"post","link":"https:\/\/www.europesays.com\/fr\/651406\/","title":{"rendered":"A Photo Elys\u00e9e, un n\u00e9cessaire questionnement autour des archives coloniales du studio allemand Lehnert\u00a0&#038; Landrock, fleuron de l\u2019iconographie orientaliste"},"content":{"rendered":"<p>Le hasard a voulu que les photographes allemands Rudolf Lehnert (1878-1948) et Ernst Landrock (1878-1966) se rencontrent en Suisse, en 1903. Fascin\u00e9s tous les deux par l\u2019Orient, par cet ailleurs exotique alors source in\u00e9puisable de fantasmes, ils s\u2019install\u00e8rent l\u2019ann\u00e9e suivante \u00e0 Tunis pour y ouvrir un studio photo. Apr\u00e8s une mise entre parenth\u00e8ses lors de la Premi\u00e8re Guerre mondiale, leur aventure reprendra en 1920, lorsqu\u2019ils cr\u00e9eront \u00e0 Leipzig la maison d\u2019\u00e9dition\u00a0Orient Kunst Verlag, avant d\u2019ouvrir quatre ans plus tard un nouveau studio au\u00a0Caire.<\/p>\n<p>En 1985, c\u2019est \u00e0 Photo Elys\u00e9e que les descendants d\u2019Ernst Landrock, qui \u00e0 partir de 1930 exploitera seul la soci\u00e9t\u00e9 Lehnert\u00a0&amp; Landrock, d\u00e9cidaient de d\u00e9poser les abondantes archives de leur a\u00efeul, riche de milliers de photographies symptomatiques de la mode orientaliste apparue en litt\u00e9rature et dans les beaux-arts \u00e0 partir du XVIIIe\u00a0si\u00e8cle, et proposant une vision fantasm\u00e9e du monde arabe. Quarante ans plus tard, impossible de pr\u00e9senter ce fonds comme un simple pan de l\u2019histoire de la photographie. C\u2019est ainsi que l\u2019institution lausannoise a choisi de le remettre en lumi\u00e8re \u00e0 l\u2019aune des n\u00e9cessaires discours d\u00e9colonialistes, dans le but de montrer comment le 8e\u00a0art a \u00e9t\u00e9 d\u00e9terminant dans la construction d\u2019un Orient st\u00e9r\u00e9otyp\u00e9.<\/p>\n","protected":false},"excerpt":{"rendered":"Le hasard a voulu que les photographes allemands Rudolf Lehnert (1878-1948) et Ernst Landrock (1878-1966) se rencontrent en&hellip;\n","protected":false},"author":2,"featured_media":651407,"comment_status":"","ping_status":"","sticky":false,"template":"","format":"standard","meta":{"footnotes":""},"categories":[1358],"tags":[1348,1384,1385,251,1386,58,59,1011,27,14022,1756,75567,301],"class_list":{"0":"post-651406","1":"post","2":"type-post","3":"status-publish","4":"format-standard","5":"has-post-thumbnail","7":"category-arts-et-design","8":"tag-arts","9":"tag-arts-and-design","10":"tag-arts-et-design","11":"tag-culture","12":"tag-design","13":"tag-divertissement","14":"tag-entertainment","15":"tag-fr","16":"tag-france","17":"tag-musees-et-expositions","18":"tag-photographie","19":"tag-plateforme-10","20":"tag-premium"},"share_on_mastodon":{"url":"https:\/\/pubeurope.com\/@fr\/115864554860012979","error":""},"_links":{"self":[{"href":"https:\/\/www.europesays.com\/fr\/wp-json\/wp\/v2\/posts\/651406","targetHints":{"allow":["GET"]}}],"collection":[{"href":"https:\/\/www.europesays.com\/fr\/wp-json\/wp\/v2\/posts"}],"about":[{"href":"https:\/\/www.europesays.com\/fr\/wp-json\/wp\/v2\/types\/post"}],"author":[{"embeddable":true,"href":"https:\/\/www.europesays.com\/fr\/wp-json\/wp\/v2\/users\/2"}],"replies":[{"embeddable":true,"href":"https:\/\/www.europesays.com\/fr\/wp-json\/wp\/v2\/comments?post=651406"}],"version-history":[{"count":0,"href":"https:\/\/www.europesays.com\/fr\/wp-json\/wp\/v2\/posts\/651406\/revisions"}],"wp:featuredmedia":[{"embeddable":true,"href":"https:\/\/www.europesays.com\/fr\/wp-json\/wp\/v2\/media\/651407"}],"wp:attachment":[{"href":"https:\/\/www.europesays.com\/fr\/wp-json\/wp\/v2\/media?parent=651406"}],"wp:term":[{"taxonomy":"category","embeddable":true,"href":"https:\/\/www.europesays.com\/fr\/wp-json\/wp\/v2\/categories?post=651406"},{"taxonomy":"post_tag","embeddable":true,"href":"https:\/\/www.europesays.com\/fr\/wp-json\/wp\/v2\/tags?post=651406"}],"curies":[{"name":"wp","href":"https:\/\/api.w.org\/{rel}","templated":true}]}}