{"id":651408,"date":"2026-01-09T10:00:11","date_gmt":"2026-01-09T10:00:11","guid":{"rendered":"https:\/\/www.europesays.com\/fr\/651408\/"},"modified":"2026-01-09T10:00:11","modified_gmt":"2026-01-09T10:00:11","slug":"il-nest-pas-trop-tard-pour-rattraper-la-saison-2-qui-vaut-le-coup-doeil-sur-canal","status":"publish","type":"post","link":"https:\/\/www.europesays.com\/fr\/651408\/","title":{"rendered":"Il n\u2019est pas trop tard pour rattraper la saison 2 (qui vaut le coup d\u2019\u0153il) sur Canal+"},"content":{"rendered":"<p>Et si le meilleur programme de\u00a02026\u2026 datait finalement de l\u2019an dernier\u00a0? Le 5 d\u00e9cembre, <a href=\"https:\/\/www.20minutes.fr\/arts-stars\/television\/4119257-20241103-40-ans-canal-histoire-canal-histoire-francaise\" class=\"c-link c-link--is-underlined\" target=\"_blank\" rel=\"noopener\">Canal+<\/a>\u00a0lan\u00e7ait <a href=\"https:\/\/www.20minutes.fr\/arts-stars\/television\/4185380-20251113-loups-garous-canal-jeu-panayotis-pascot-fary-revient-saison-2-anthologie\" class=\"c-link c-link--is-underlined\" target=\"_blank\" rel=\"noopener\">la deuxi\u00e8me saison des \u00ab\u00a0Loups Garous\u00a0\u00bb<\/a>, un an apr\u00e8s le succ\u00e8s de la premi\u00e8re \u00e9dition sur la plateforme. Panayotis Pascot et Fary, \u00e0 la t\u00eate du programme, qualifiaient alors cette nouvelle partie \u00ab\u00a0d\u2019anthologie\u00a0\u00bb.<\/p>\n<p>Promesse tenue pour les 6 premiers \u00e9pisodes de cette saison qui en compte 10 au total (le 7e est diffus\u00e9 ce vendredi). Gr\u00e2ce \u00e0 une trame narrative encore plus aboutie et un casting particuli\u00e8rement r\u00e9ussi, <a href=\"https:\/\/www.20minutes.fr\/arts-stars\/people\/panayotis-pascot\/\" class=\"c-link c-link--is-underlined\" target=\"_blank\" rel=\"noopener\">Panayotis Pascot<\/a> et Fary livrent une partie captivante et impr\u00e9visible (promis, on ne spoile pas).<\/p>\n<\/p>\n<p>Une flop\u00e9e de strat\u00e8ges<\/p>\n<p>En\u00a02024, un mentaliste, un ancien agent de la DGSE, une joueuse de poker ou encore un com\u00e9dien avaient piment\u00e9 la toute premi\u00e8re saison des \u00ab\u00a0Loups Garous\u00a0\u00bb, une \u00e9mission adapt\u00e9e du jeu de soci\u00e9t\u00e9 \u00e9ponyme. Difficile de faire mieux\u00a0? Il s\u2019av\u00e8re que la 2e saison offre <a href=\"https:\/\/www.20minutes.fr\/diaporama\/diaporama-4189071-images-loups-garous-canal-negociateur-raid-medium-realisateur-nouveaux-joueurs\" class=\"c-link c-link--is-underlined\" target=\"_blank\" rel=\"noopener\">un casting plus surprenant<\/a>\u00a0: un hacker, un ancien n\u00e9gociateur du Raid, une m\u00e9dium, un ing\u00e9nieur a\u00e9rospatial, une thanato-arch\u00e9ologue ou encore un spin doctor\u2026<\/p>\n<p>\u00ab\u00a0Les domaines des joueurs sont encore plus vari\u00e9s et on ne s\u2019attendait pas \u00e0 pouvoir toucher ce genre de m\u00e9tiers, expliquait Fary \u00e0 20 Minutes avant le lancement du programme. Et au-del\u00e0 des intitul\u00e9s de chacun, les joueurs de la saison 1 \u00e9taient d\u00e9j\u00e0 forts, mais l\u00e0, on a vraiment de tr\u00e8s gros strat\u00e8ges.\u00a0\u00bb<\/p>\n<p>Certains joueurs, parmi les plus discrets, se montrent redoutables. D\u2019autres apportent des dimensions philosophiques ou politiques \u00e0 ce jeu \u00e0 r\u00f4les cach\u00e9s. Sans oublier ceux qui s\u00e8ment la zizanie malgr\u00e9 eux et ajoutent \u00e0 la partie une touche de com\u00e9die.<\/p>\n<p>Dans cette deuxi\u00e8me saison, le hasard, qui d\u00e9termine les r\u00f4les de chacun en d\u00e9but de partie &#8211; et d\u00e9cide qui sera villageois ou loup-garou &#8211; fait une fois encore bien les choses. \u00ab\u00a0Le casting est fait de sorte qu\u2019on ne puisse pas \u00eatre d\u00e9\u00e7u en fonction des r\u00f4les. L\u2019un des crit\u00e8res de s\u00e9lection est de voir chacun des joueurs dans n\u2019importe quel r\u00f4le, c\u2019est-\u00e0-dire aussi bien \u00eatre un villageois, un loup-garou, une voyante, une petite fille\u2026\u00a0\u00bb soulignait par ailleurs Fary.<\/p>\n<p>De nouveaux r\u00f4les et une enqu\u00eate plus immersive<\/p>\n<p>Des nouveaut\u00e9s agr\u00e9mentent \u00e9galement cette nouvelle saison. On y d\u00e9couvre de nouveaux r\u00f4les aux cons\u00e9quences durables mais aussi des qu\u00eates in\u00e9dites et spectaculaires. Sans oublier un montage et une trame aussi immersifs que d\u00e9routants.<\/p>\n<p>\u00ab\u00a0On a essay\u00e9 de monter d\u2019un cran niveau strat\u00e9gie, complexit\u00e9 et esth\u00e9tisme, assurait ainsi Panayotis Pascot. C\u2019est non script\u00e9 mais \u00e7a se mange et \u00e7a se consomme comme une s\u00e9rie. L\u00e0 o\u00f9 les gens vont kiffer aussi en tant que spectateur, c\u2019est du point de vue de l\u2019enqu\u00eate car on est all\u00e9 plus loin au niveau du montage. Ils vont vraiment enqu\u00eater, comme dans une s\u00e9rie o\u00f9 on ne vous donne pas toutes les infos.\u00a0\u00bb Pr\u00eat \u00e0 voir balayer toutes vos certitudes et devenir compl\u00e8tement zinzin\u00a0?<\/p>\n","protected":false},"excerpt":{"rendered":"Et si le meilleur programme de\u00a02026\u2026 datait finalement de l\u2019an dernier\u00a0? Le 5 d\u00e9cembre, Canal+\u00a0lan\u00e7ait la deuxi\u00e8me saison&hellip;\n","protected":false},"author":2,"featured_media":651409,"comment_status":"","ping_status":"","sticky":false,"template":"","format":"standard","meta":{"footnotes":""},"categories":[1356],"tags":[10474,58,4739,59,1011,27,40198,9772,75568,252,1364],"class_list":{"0":"post-651408","1":"post","2":"type-post","3":"status-publish","4":"format-standard","5":"has-post-thumbnail","7":"category-television","8":"tag-canal","9":"tag-divertissement","10":"tag-emission-de-television","11":"tag-entertainment","12":"tag-fr","13":"tag-france","14":"tag-jeu-de-role","15":"tag-loup","16":"tag-panayotis-pascot","17":"tag-television","18":"tag-tv"},"share_on_mastodon":{"url":"https:\/\/pubeurope.com\/@fr\/115864562819651715","error":""},"_links":{"self":[{"href":"https:\/\/www.europesays.com\/fr\/wp-json\/wp\/v2\/posts\/651408","targetHints":{"allow":["GET"]}}],"collection":[{"href":"https:\/\/www.europesays.com\/fr\/wp-json\/wp\/v2\/posts"}],"about":[{"href":"https:\/\/www.europesays.com\/fr\/wp-json\/wp\/v2\/types\/post"}],"author":[{"embeddable":true,"href":"https:\/\/www.europesays.com\/fr\/wp-json\/wp\/v2\/users\/2"}],"replies":[{"embeddable":true,"href":"https:\/\/www.europesays.com\/fr\/wp-json\/wp\/v2\/comments?post=651408"}],"version-history":[{"count":0,"href":"https:\/\/www.europesays.com\/fr\/wp-json\/wp\/v2\/posts\/651408\/revisions"}],"wp:featuredmedia":[{"embeddable":true,"href":"https:\/\/www.europesays.com\/fr\/wp-json\/wp\/v2\/media\/651409"}],"wp:attachment":[{"href":"https:\/\/www.europesays.com\/fr\/wp-json\/wp\/v2\/media?parent=651408"}],"wp:term":[{"taxonomy":"category","embeddable":true,"href":"https:\/\/www.europesays.com\/fr\/wp-json\/wp\/v2\/categories?post=651408"},{"taxonomy":"post_tag","embeddable":true,"href":"https:\/\/www.europesays.com\/fr\/wp-json\/wp\/v2\/tags?post=651408"}],"curies":[{"name":"wp","href":"https:\/\/api.w.org\/{rel}","templated":true}]}}