{"id":651410,"date":"2026-01-09T10:01:12","date_gmt":"2026-01-09T10:01:12","guid":{"rendered":"https:\/\/www.europesays.com\/fr\/651410\/"},"modified":"2026-01-09T10:01:12","modified_gmt":"2026-01-09T10:01:12","slug":"je-pense-a-lui-la-memoire-dun-celebre-rappeur-saluee-dans-tbt9-il-nous-a-quittes-a-52-ans-seulement","status":"publish","type":"post","link":"https:\/\/www.europesays.com\/fr\/651410\/","title":{"rendered":"\u00ab\u00a0Je pense \u00e0 lui\u00a0\u00bb : La m\u00e9moire d&rsquo;un c\u00e9l\u00e8bre rappeur salu\u00e9e dans TBT9, il nous a quitt\u00e9s \u00e0 52 ans seulement"},"content":{"rendered":"<p>La suite apr\u00e8s la publicit\u00e9<\/p>\n<p>Tout r\u00e9cemment, une l\u00e9gende du rap fran\u00e7ais nous a quitt\u00e9s. Le rappeur Calbo, de son vrai nom Calbony Mbani, membre du groupe \u00c4rsenik, est d\u00e9c\u00e9d\u00e9. L&rsquo;artiste qui, en septembre dernier<a href=\"https:\/\/www.purepeople.com\/article\/cette-figure-emblematique-du-rap-francais-des-annees-90-disparait-a-lage-de-52-ans_a546113\/1\" target=\"_blank\" rel=\"noopener\">, avait f\u00eat\u00e9 ses 52 ans,<\/a> \u00e9tait le co-fondateur du groupe embl\u00e9matique des ann\u00e9es 90, qu&rsquo;il formait avec son fr\u00e8re d&rsquo;origine brazza-congolaise, Lino.<\/p>\n<p>\u00ab\u00a0La famille Mbani a la profonde tristesse d&rsquo;annoncer le d\u00e9c\u00e8s de Calbony Mbani (&#8230;) survenu le 4 janvier 2026\u00a0\u00bb, a-t-on appris via un communiqu\u00e9 publi\u00e9 sur les r\u00e9seaux par les membres de sa famille. Ce jeudi, dans Tout beau, tout neuf, Cyril Hanouna a tenu \u00e0 lui rendre hommage.<\/p>\n<p>\u00ab\u00a0Je voulais juste rendre hommage \u00e0 un ami qui nous a quitt\u00e9 ce week-end, c&rsquo;est Calbo. On l&rsquo;avait d\u00e9j\u00e0 re\u00e7u ici, j&rsquo;adorais ce mec, il \u00e9tait exceptionnel, un talent incroyable.\u00a0\u00bb, a d\u00e9clar\u00e9 le papa de Lino et Bianca. Et d&rsquo;ajouter : \u00ab\u00a0Je lui fais d&rsquo;\u00e9normes bisous et \u00e0 sa famille bien entendu et je sais qu&rsquo;il est encore l\u00e0 avec nous, vous savez que je suis vachement l\u00e0-dedans et en tout cas, je pense \u00e0 lui puisqu&rsquo;il nous a quitt\u00e9 ce week-end et qu&rsquo;il y avait ses obs\u00e8ques aujourd&rsquo;hui.\u00a0\u00bb<\/p>\n<p>Rachida Dati r\u00e9agit \u00e9galement \u00e0 la disparition de Calbo<\/p>\n<p>Cyril Hanouna salue la m\u00e9moire d'\u00a0\u00bbun rappeur exceptionnel\u00a0\u00bb et \u00e0 \u00ab\u00a0l&rsquo;une des plumes les plus respect\u00e9es de sa g\u00e9n\u00e9ration\u00a0\u00bb. A noter qu&rsquo;il n&rsquo;a pas \u00e9t\u00e9 le seul \u00e0 le faire. Rachida Dati a \u00e9galement pris la parole. \u00a0\u00ab\u00a0Sa voix et ses textes demeureront, pour toute une g\u00e9n\u00e9ration, une source d&rsquo;inspiration, de rigueur et d&rsquo;engagement (&#8230;) il laisse le souvenir d\u2019un artiste, dont la voix grave et la plume aiguis\u00e9e ont profond\u00e9ment marqu\u00e9 l\u2019histoire de la musique fran\u00e7aise\u00a0\u00bb, a \u00e9crit la m\u00e8re de <a href=\"https:\/\/www.purepeople.com\/article\/zohra-la-fille-de-16-ans-de-rachida-dati-beneficie-tous-les-mois-dune-infime-partie-de-la-fortune-de-son-pere-dominique-desseigne-ex-magnat-du-groupe-barriere_a542899\/1\" target=\"_blank\" rel=\"noopener\">Zohra <\/a>sur les r\u00e9seaux sociaux.<\/p>\n<p>Stomy Bugsy, lui, a \u00e9crit ceci : \u00ab\u00a0Notre fr\u00e8re Calbo s\u2019en est all\u00e9 (&#8230;) Nous le pleurons. Nous l\u2019aimons. Et nous continuerons de le c\u00e9l\u00e9brer, de parler de lui au pr\u00e9sent, de sourire aussi pour toute la joie, la force et la lumi\u00e8re qu\u2019il a offertes durant son passage sur Terre.\u00a0\u00bb Nos pens\u00e9es vont \u00e0 sa famille ainsi qu&rsquo;\u00e0 ses proches.<\/p>\n<p>\u00a0<\/p>\n","protected":false},"excerpt":{"rendered":"La suite apr\u00e8s la publicit\u00e9 Tout r\u00e9cemment, une l\u00e9gende du rap fran\u00e7ais nous a quitt\u00e9s. Le rappeur Calbo,&hellip;\n","protected":false},"author":2,"featured_media":651411,"comment_status":"","ping_status":"","sticky":false,"template":"","format":"standard","meta":{"footnotes":""},"categories":[1355],"tags":[58,59,1011,27,1361,873],"class_list":{"0":"post-651410","1":"post","2":"type-post","3":"status-publish","4":"format-standard","5":"has-post-thumbnail","7":"category-musique","8":"tag-divertissement","9":"tag-entertainment","10":"tag-fr","11":"tag-france","12":"tag-music","13":"tag-musique"},"share_on_mastodon":{"url":"https:\/\/pubeurope.com\/@fr\/115864567082543061","error":""},"_links":{"self":[{"href":"https:\/\/www.europesays.com\/fr\/wp-json\/wp\/v2\/posts\/651410","targetHints":{"allow":["GET"]}}],"collection":[{"href":"https:\/\/www.europesays.com\/fr\/wp-json\/wp\/v2\/posts"}],"about":[{"href":"https:\/\/www.europesays.com\/fr\/wp-json\/wp\/v2\/types\/post"}],"author":[{"embeddable":true,"href":"https:\/\/www.europesays.com\/fr\/wp-json\/wp\/v2\/users\/2"}],"replies":[{"embeddable":true,"href":"https:\/\/www.europesays.com\/fr\/wp-json\/wp\/v2\/comments?post=651410"}],"version-history":[{"count":0,"href":"https:\/\/www.europesays.com\/fr\/wp-json\/wp\/v2\/posts\/651410\/revisions"}],"wp:featuredmedia":[{"embeddable":true,"href":"https:\/\/www.europesays.com\/fr\/wp-json\/wp\/v2\/media\/651411"}],"wp:attachment":[{"href":"https:\/\/www.europesays.com\/fr\/wp-json\/wp\/v2\/media?parent=651410"}],"wp:term":[{"taxonomy":"category","embeddable":true,"href":"https:\/\/www.europesays.com\/fr\/wp-json\/wp\/v2\/categories?post=651410"},{"taxonomy":"post_tag","embeddable":true,"href":"https:\/\/www.europesays.com\/fr\/wp-json\/wp\/v2\/tags?post=651410"}],"curies":[{"name":"wp","href":"https:\/\/api.w.org\/{rel}","templated":true}]}}