{"id":651412,"date":"2026-01-09T10:02:29","date_gmt":"2026-01-09T10:02:29","guid":{"rendered":"https:\/\/www.europesays.com\/fr\/651412\/"},"modified":"2026-01-09T10:02:29","modified_gmt":"2026-01-09T10:02:29","slug":"cest-un-film-plein-de-serenite-qui-fait-du-bien-pourquoi-le-chant-des-forets-attire-les-foules","status":"publish","type":"post","link":"https:\/\/www.europesays.com\/fr\/651412\/","title":{"rendered":"\u00ab\u00a0C\u2019est un film plein de s\u00e9r\u00e9nit\u00e9, qui fait du bien\u00a0\u00bb\u00a0: pourquoi\u00a0le \u00ab\u00a0Chant des for\u00eats\u00a0\u00bb attire les foules"},"content":{"rendered":"<p class=\"paragraph text_align_left lp-f-body-02\">C\u2019est l\u2019outsider qui s\u2019invite dans le top 5 du box-office et rivalise avec les blockbusters <a href=\"https:\/\/www.leparisien.fr\/culture-loisirs\/cinema\/avatar-3-plus-sombre-plus-spectaculaire-plus-merveilleux-coup-de-foudre-pour-de-feu-et-de-cendres-16-12-2025-M7KTUJMPDBEWHAZC6XSFWXM46E.php\" target=\"_blank\" rel=\"noreferrer noopener\">\u00ab Avatar : de Feu et de Cendres \u00bb<\/a>, \u00ab Zootopie 2 \u00bb et \u00ab La Femme de m\u00e9nage \u00bb. Depuis sa sortie le 17 d\u00e9cembre, \u00ab Le Chant des for\u00eats \u00bb de Vincent Munier attire les foules. Mardi soir, trois semaines apr\u00e8s sa sortie, ce superbe documentaire dans lequel <a href=\"https:\/\/www.leparisien.fr\/culture-loisirs\/cinema\/le-chant-des-forets-vincent-munier-nous-devoile-comment-il-a-filme-les-animaux-sauvages-16-12-2025-QWMB554DT5HBXNY2KGJ2FZ6J7Y.php\" target=\"_blank\" rel=\"noreferrer noopener\">le r\u00e9alisateur observe, avec son p\u00e8re et son fils, les animaux sauvages des Vosges<\/a>, avait d\u00e9j\u00e0 attir\u00e9 612 000 spectateurs. Il s\u2019appr\u00eate donc \u00e0 devenir le documentaire fran\u00e7ais le plus vu depuis \u00ab Demain \u00bb de <a href=\"https:\/\/www.leparisien.fr\/culture-loisirs\/cinema\/democratie-maintenant-deja-543-000-euros-de-financement-participatif-pour-le-prochain-documentaire-de-cyril-dion-07-01-2026-Y72673NC2FFFBIDGCWQIXCTNII.php\" target=\"_blank\" rel=\"noreferrer noopener\">Cyril Dion<\/a> et M\u00e9lanie Laurent, sorti fin 2015 et qui avait engrang\u00e9 1,1 million d\u2019entr\u00e9es. Et vise \u00e0 son tour le million d\u2019entr\u00e9es.<\/p>\n<p class=\"\">Deuxi\u00e8me long-m\u00e9trage de Vincent Munier apr\u00e8s <a href=\"https:\/\/www.leparisien.fr\/culture-loisirs\/cinema\/festival-de-cannes-somptueuse-panthere-des-neiges-15-07-2021-BHR7ES3GF5BBTDU2NAXNDC6S6M.php\" target=\"_blank\" rel=\"noreferrer noopener\">\u00ab La Panth\u00e8re des neiges \u00bb<\/a> (2021), cor\u00e9alis\u00e9 avec Marie Amiguet, \u00ab Le Chant des for\u00eats \u00bb d\u00e9passe les esp\u00e9rances de ses producteurs. En trois semaines, \u00ab La Panth\u00e8re des neiges \u00bb avait s\u00e9duit 302 000 spectateurs pour finir sa course \u00e0 627 000 entr\u00e9es. Or, ce film tourn\u00e9 au Tibet b\u00e9n\u00e9ficiait de la notori\u00e9t\u00e9 du best-seller dont il \u00e9tait l\u2019adaptation, et de celle de son auteur, Sylvain Tesson.<\/p>\n","protected":false},"excerpt":{"rendered":"C\u2019est l\u2019outsider qui s\u2019invite dans le top 5 du box-office et rivalise avec les blockbusters \u00ab Avatar :&hellip;\n","protected":false},"author":2,"featured_media":651413,"comment_status":"","ping_status":"","sticky":false,"template":"","format":"standard","meta":{"footnotes":""},"categories":[1354],"tags":[650,872,58,59,1346,1011,27,1360],"class_list":{"0":"post-651412","1":"post","2":"type-post","3":"status-publish","4":"format-standard","5":"has-post-thumbnail","7":"category-films","8":"tag-cinema","9":"tag-culture-et-loisirs","10":"tag-divertissement","11":"tag-entertainment","12":"tag-films","13":"tag-fr","14":"tag-france","15":"tag-movies"},"share_on_mastodon":{"url":"https:\/\/pubeurope.com\/@fr\/115864570797993572","error":""},"_links":{"self":[{"href":"https:\/\/www.europesays.com\/fr\/wp-json\/wp\/v2\/posts\/651412","targetHints":{"allow":["GET"]}}],"collection":[{"href":"https:\/\/www.europesays.com\/fr\/wp-json\/wp\/v2\/posts"}],"about":[{"href":"https:\/\/www.europesays.com\/fr\/wp-json\/wp\/v2\/types\/post"}],"author":[{"embeddable":true,"href":"https:\/\/www.europesays.com\/fr\/wp-json\/wp\/v2\/users\/2"}],"replies":[{"embeddable":true,"href":"https:\/\/www.europesays.com\/fr\/wp-json\/wp\/v2\/comments?post=651412"}],"version-history":[{"count":0,"href":"https:\/\/www.europesays.com\/fr\/wp-json\/wp\/v2\/posts\/651412\/revisions"}],"wp:featuredmedia":[{"embeddable":true,"href":"https:\/\/www.europesays.com\/fr\/wp-json\/wp\/v2\/media\/651413"}],"wp:attachment":[{"href":"https:\/\/www.europesays.com\/fr\/wp-json\/wp\/v2\/media?parent=651412"}],"wp:term":[{"taxonomy":"category","embeddable":true,"href":"https:\/\/www.europesays.com\/fr\/wp-json\/wp\/v2\/categories?post=651412"},{"taxonomy":"post_tag","embeddable":true,"href":"https:\/\/www.europesays.com\/fr\/wp-json\/wp\/v2\/tags?post=651412"}],"curies":[{"name":"wp","href":"https:\/\/api.w.org\/{rel}","templated":true}]}}