{"id":651416,"date":"2026-01-09T10:04:12","date_gmt":"2026-01-09T10:04:12","guid":{"rendered":"https:\/\/www.europesays.com\/fr\/651416\/"},"modified":"2026-01-09T10:04:12","modified_gmt":"2026-01-09T10:04:12","slug":"la-nuit-des-francais-en-nba-rudy-gobert-encore-solide-moussa-diabate-et-tidjane-salaun-battus-lequipe","status":"publish","type":"post","link":"https:\/\/www.europesays.com\/fr\/651416\/","title":{"rendered":"La nuit des Fran\u00e7ais en NBA : Rudy Gobert encore solide, Moussa Diabat\u00e9 et Tidjane Sala\u00fcn battus &#8211; L&#039;\u00c9quipe"},"content":{"rendered":"<ol>\n<li><a href=\"https:\/\/news.google.com\/rss\/articles\/CBMi2gFBVV95cUxNNGZYT3hlQXQ5S3lzU3pRaXNhZmlxVldxcVJQVEh3bDVsVm0tWGtpd0JrZ1F5Wjh3Sk5YRFBPa2xyM0R3OHktLVAzNVFVQlFqN191VWZHaFdySnVBQzRCLURUcmxLYnlCRGk2TnRxV2ZmNEtpRzMtcjUtYVl5MEhNSHNRdGdkbG1uSjU0TlpoWkl3LXBYaFBETDZWOTgybm9RSXpGSy1naVR3VWxfVF9KeTJ2SEJBUDRUSThvSzh2MU1BXzAtd2xtMHdtX0JtUkxoN2VwdmFwTmlVUQ?oc=5\" target=\"_blank\" rel=\"noopener\">La nuit des Fran\u00e7ais en NBA : Rudy Gobert encore solide, Moussa Diabat\u00e9 et Tidjane Sala\u00fcn battus<\/a>&nbsp;&nbsp;L&rsquo;\u00c9quipe<\/li>\n<li><a href=\"https:\/\/news.google.com\/rss\/articles\/CBMifEFVX3lxTFBFS0l0THdScXVzcThiZG84WEhTOGdqZ245NjdaVDM5R05uY3NEMzBPSURXb1dpRHozWTRZN3psblU0QlJEY05MTUNNZ0Z5WURacm11b2hFZXFibmxLWHFrX3lDajBDR2p6QlZ1MGFxUERfU3huX0gwelFxUXU?oc=5\" target=\"_blank\" rel=\"noopener\">Rudy Gobert a r\u00e9veill\u00e9 les Wolves<\/a>&nbsp;&nbsp;Basket USA<\/li>\n<li><a href=\"https:\/\/news.google.com\/rss\/articles\/CBMitgFBVV95cUxPNkI2NlNGT3k3blZucGJaRW9ocnlJN0ZYNGNqNkFsWDN1dUdjMUJvek5CcWh1MzVVUzl1OEo1YlFYcnhxc3Rrc1ZJbEEzdlE4d1ZxZkc1QUJvbWZPQnUzMUd3aHVpVTNtVDVrODExYlVSeFBPV3BEYmkxWV9FSzFfZWxJS0tCOGZid0hXQkVxVl9JOGpFcEdLNVNvNHJVYTY5ZHRBUXN3dVJLZ0pYbEgxcGRkalZlQQ?oc=5\" target=\"_blank\" rel=\"noopener\">Rudy Gobert impressionne Erik Spoelstra : \u00ab\u00a0L&rsquo;un des joueurs les plus sous-estim\u00e9s de la NBA\u00a0\u00bb<\/a>&nbsp;&nbsp;BeBasket<\/li>\n<li><a href=\"https:\/\/news.google.com\/rss\/articles\/CBMimgJBVV95cUxPcUloaWZOM0lLNVNvdE00cWVGZ2RyeVJNbUlFT0tRUF9lUTQ2U0RuNEpnVk0za1ktbmVsUWxGSVc3UDZ6VF9oUXk0Zkc5U1N5cW8zbWhmc1FIdlBzaEc1RmFBUUcxTVJmQ3RBSjZOTE5zZjIzcTNManRFOFphSl9FNjZHNlhOa2hUOGstNW5yelpzSjBkYU9EMk9NY0NPX1hxV2xCcUFNdXktWktoZ1hHd25ocHhQRFNzcUZVbHNJLWEzRXhyd0M0QjA5VEJXRGFqbXh4Rkk2UV9fZ3VRc0wtbldRSkF2bnQ1OERRUjljMWlibU83djZZalZJUjlRT1VDaGRUVnJNQnI0U0UtWGhkM1RpTUhQLTlLaUE?oc=5\" target=\"_blank\" rel=\"noopener\">NBA. \u00ab Aujourd\u2019hui, c\u2019est la culture des highlights \u00bb : Rudy Gobert ne se trouve pas reconnu \u00e0 sa juste valeur<\/a>&nbsp;&nbsp;Ouest-France<\/li>\n<li><a href=\"https:\/\/news.google.com\/rss\/articles\/CBMingFBVV95cUxOdW1COENFdUxlZzJaTHRYN2VwUElLRktfRjVlODM3NlRMbE50LVJiTGVDV2FDWTJna0JUazhFeGFGZDZtR1hPZWl5eGFHZHVCeEFUdWpPanBnVF9NcWF5V2luM1BGVVYyWmFKZUJHZGlJZ1JKTHRIWnRaVEJGUVU4TE9GTTZLeFk5bWdaNmtZNG5VOWRfMGxwUHZieGxuQQ?oc=5\" target=\"_blank\" rel=\"noopener\">La nuit des Fran\u00e7ais en NBA : Moussa Diabat\u00e9 a failli \u00eatre d\u00e9cisif<\/a>&nbsp;&nbsp;TrashTalk<\/li>\n<\/ol>\n","protected":false},"excerpt":{"rendered":"La nuit des Fran\u00e7ais en NBA : Rudy Gobert encore solide, Moussa Diabat\u00e9 et Tidjane Sala\u00fcn battus&nbsp;&nbsp;L&rsquo;\u00c9quipe Rudy&hellip;\n","protected":false},"author":2,"featured_media":651417,"comment_status":"","ping_status":"","sticky":false,"template":"","format":"standard","meta":{"footnotes":""},"categories":[9],"tags":[1011,27,60],"class_list":{"0":"post-651416","1":"post","2":"type-post","3":"status-publish","4":"format-standard","5":"has-post-thumbnail","7":"category-sports","8":"tag-fr","9":"tag-france","10":"tag-sports"},"share_on_mastodon":{"url":"https:\/\/pubeurope.com\/@fr\/115864578547279998","error":""},"_links":{"self":[{"href":"https:\/\/www.europesays.com\/fr\/wp-json\/wp\/v2\/posts\/651416","targetHints":{"allow":["GET"]}}],"collection":[{"href":"https:\/\/www.europesays.com\/fr\/wp-json\/wp\/v2\/posts"}],"about":[{"href":"https:\/\/www.europesays.com\/fr\/wp-json\/wp\/v2\/types\/post"}],"author":[{"embeddable":true,"href":"https:\/\/www.europesays.com\/fr\/wp-json\/wp\/v2\/users\/2"}],"replies":[{"embeddable":true,"href":"https:\/\/www.europesays.com\/fr\/wp-json\/wp\/v2\/comments?post=651416"}],"version-history":[{"count":0,"href":"https:\/\/www.europesays.com\/fr\/wp-json\/wp\/v2\/posts\/651416\/revisions"}],"wp:featuredmedia":[{"embeddable":true,"href":"https:\/\/www.europesays.com\/fr\/wp-json\/wp\/v2\/media\/651417"}],"wp:attachment":[{"href":"https:\/\/www.europesays.com\/fr\/wp-json\/wp\/v2\/media?parent=651416"}],"wp:term":[{"taxonomy":"category","embeddable":true,"href":"https:\/\/www.europesays.com\/fr\/wp-json\/wp\/v2\/categories?post=651416"},{"taxonomy":"post_tag","embeddable":true,"href":"https:\/\/www.europesays.com\/fr\/wp-json\/wp\/v2\/tags?post=651416"}],"curies":[{"name":"wp","href":"https:\/\/api.w.org\/{rel}","templated":true}]}}