{"id":651424,"date":"2026-01-09T10:08:11","date_gmt":"2026-01-09T10:08:11","guid":{"rendered":"https:\/\/www.europesays.com\/fr\/651424\/"},"modified":"2026-01-09T10:08:11","modified_gmt":"2026-01-09T10:08:11","slug":"mette-frederiksen-une-premiere-ministre-danoise-hors-cadre-pour-faire-face-a-trump-liberation","status":"publish","type":"post","link":"https:\/\/www.europesays.com\/fr\/651424\/","title":{"rendered":"Mette Frederiksen, une Premi\u00e8re ministre danoise hors cadre pour faire face \u00e0 Trump &#8211; Lib\u00e9ration"},"content":{"rendered":"<ol>\n<li><a href=\"https:\/\/news.google.com\/rss\/articles\/CBMi-gFBVV95cUxPelJNMm1hTXdYRklVT2syYlJhNHFzQWJjc3lkdkZQajZvd2N2U3NfMHZNNVVNdE9MMUY0WDFxSktiNm1RYlhlWXFlaGFuVnJHbTl0WmU4czh0RUh2RmFvR1hkaXVnYzJDUmpCRzVZWXI2QWEwbjFkSWQ3TU9ndm1UYUVqTGlvRHlSc2JPc1BoSFNrVHFwMmxSZmdhVTB0RU1rc0tBaW85UGtxc1RGbWkteVNMeE81OVJqanliT250MTA3SzBaSDh0R1Qtcy1CN25uMmVKMUwyM1Z6ZTd0STFxNWdtdVpFNGxnNFp1bExJektaYmRDM2V5bi1B?oc=5\" target=\"_blank\" rel=\"noopener\">Mette Frederiksen, une Premi\u00e8re ministre danoise hors cadre pour faire face \u00e0 Trump<\/a>&nbsp;&nbsp;Lib\u00e9ration<\/li>\n<li><a href=\"https:\/\/news.google.com\/rss\/articles\/CBMingFBVV95cUxOWWNWQ2hIaFhoNC1yRlpsLTZCempkZ05pNFQ2YUdweDd5MGhXY3lsdFkydVd2bnVXWHk0OUpPR05zcGNETkpxSlBpbzlwUnRGZlJ5b0QyczJ4cVNBYW53dzhkelhiLUV0RURMNm8xWmxBV28zSlZzUVQ5N1pXZDh4QmNWcVV0d3RQNldsbFh0SFI4NHJQMjY2MG5nMVJDdw?oc=5\" target=\"_blank\" rel=\"noopener\">Migrations : la Premi\u00e8re ministre danoise appelle \u00e0 davantage d\u2019expulsions<\/a>&nbsp;&nbsp;Euractiv FR<\/li>\n<li><a href=\"https:\/\/news.google.com\/rss\/articles\/CBMilAJBVV95cUxQRDdYbGktQ3VYNE8tRm1KaVpjVV9EWkJkeFRFRHBFdGkzOTRqd3kzMzhoVThuT0xwZHBBMng3OEgtS0gyNnZUNmk4Z2p6anVXRWFCN0Nkbm9SeWRNeUcyS2trTW5wUE0wa0YtRFozNHAzMEhYS3J2dFQ5Z1RtY3pWaW5pSXlwSXphTklzRVFDdjl2WnRJZVJObG9TaG52NFdWdmRjTW5NRTg0X2VNbVRLWi1aSFhMaWtnRGV0c1JtazY5b29wVk5mV3M0a05aZVg0MWtMU0hCSWtmSFl0RHA1aUJxOEprcnplcWk5Zmp1VVYwWWNwQkd2bW5VRjRsdGZSdG45NnZEbmdnNzlGcG1ORGVLN0k?oc=5\" target=\"_blank\" rel=\"noopener\">Dure sur l&rsquo;immigration, mais gardienne du mod\u00e8le social danois : Mette Frederiksen, rempart contre l&rsquo;extr\u00eame droite<\/a>&nbsp;&nbsp;Les Echos<\/li>\n<li><a href=\"https:\/\/news.google.com\/rss\/articles\/CBMipAFBVV95cUxQUG9QMnYxVVhtWHpCNEZxV0tfZ3VmbDNTMUFPOGtWdFU5ZkZ2T2F0MWE3RFJRYmZkTXdxSzBMOEFxbU1mUnhPV0lCM0ZoS3VoaU12ZVNOUjJFOXl2ZEwzenBkbm8yRmNVamZFYnNHVWUzcGpPb3JxMlZ3T2ZiR3lJN21xTXZCazloOF9MbGZMTXFZa3J6ZjJobXRGS0RiVU1qVkF1Tg?oc=5\" target=\"_blank\" rel=\"noopener\">La fermet\u00e9 danoise : \u00ab Vous qui commettez des crimes\u2026 vous n\u2019avez rien \u00e0 faire ici\u2026 \u00bb<\/a>&nbsp;&nbsp;Boulevard Voltaire<\/li>\n<li><a href=\"https:\/\/news.google.com\/rss\/articles\/CBMiekFVX3lxTE1nTzdnem1HT0lMd0dnaUtWUG5MdTQ5OElsQU1hM09oV2tWT2RmTDN0SnJ3WHZ6NEtBNW5iMGE5UEkxVXFmaDFQSEtYa25lbzJmb1JRX0U3U3k3Rk9MSUhXT1FhbFJ0OVUtT2poZHpXc25qTTNBZ3pUaURR?oc=5\" target=\"_blank\" rel=\"noopener\">Mette Frederikse\u00adn, une Premi\u00e8re ministre danoise hors cadre<\/a>&nbsp;&nbsp;PressReader<\/li>\n<\/ol>\n","protected":false},"excerpt":{"rendered":"Mette Frederiksen, une Premi\u00e8re ministre danoise hors cadre pour faire face \u00e0 Trump&nbsp;&nbsp;Lib\u00e9ration Migrations : la Premi\u00e8re ministre&hellip;\n","protected":false},"author":2,"featured_media":395849,"comment_status":"","ping_status":"","sticky":false,"template":"","format":"standard","meta":{"footnotes":""},"categories":[5],"tags":[11,1011,27,14,12,28],"class_list":{"0":"post-651424","1":"post","2":"type-post","3":"status-publish","4":"format-standard","5":"has-post-thumbnail","7":"category-international","8":"tag-actualites","9":"tag-fr","10":"tag-france","11":"tag-international","12":"tag-news","13":"tag-world"},"share_on_mastodon":{"url":"https:\/\/pubeurope.com\/@fr\/115864594322300083","error":""},"_links":{"self":[{"href":"https:\/\/www.europesays.com\/fr\/wp-json\/wp\/v2\/posts\/651424","targetHints":{"allow":["GET"]}}],"collection":[{"href":"https:\/\/www.europesays.com\/fr\/wp-json\/wp\/v2\/posts"}],"about":[{"href":"https:\/\/www.europesays.com\/fr\/wp-json\/wp\/v2\/types\/post"}],"author":[{"embeddable":true,"href":"https:\/\/www.europesays.com\/fr\/wp-json\/wp\/v2\/users\/2"}],"replies":[{"embeddable":true,"href":"https:\/\/www.europesays.com\/fr\/wp-json\/wp\/v2\/comments?post=651424"}],"version-history":[{"count":0,"href":"https:\/\/www.europesays.com\/fr\/wp-json\/wp\/v2\/posts\/651424\/revisions"}],"wp:featuredmedia":[{"embeddable":true,"href":"https:\/\/www.europesays.com\/fr\/wp-json\/wp\/v2\/media\/395849"}],"wp:attachment":[{"href":"https:\/\/www.europesays.com\/fr\/wp-json\/wp\/v2\/media?parent=651424"}],"wp:term":[{"taxonomy":"category","embeddable":true,"href":"https:\/\/www.europesays.com\/fr\/wp-json\/wp\/v2\/categories?post=651424"},{"taxonomy":"post_tag","embeddable":true,"href":"https:\/\/www.europesays.com\/fr\/wp-json\/wp\/v2\/tags?post=651424"}],"curies":[{"name":"wp","href":"https:\/\/api.w.org\/{rel}","templated":true}]}}