{"id":651431,"date":"2026-01-09T10:12:26","date_gmt":"2026-01-09T10:12:26","guid":{"rendered":"https:\/\/www.europesays.com\/fr\/651431\/"},"modified":"2026-01-09T10:12:26","modified_gmt":"2026-01-09T10:12:26","slug":"les-supporters-lyonnais-deplorent-linterdiction-de-deplacement-a-saint-etienne-france-coupe-de-france-f","status":"publish","type":"post","link":"https:\/\/www.europesays.com\/fr\/651431\/","title":{"rendered":"Les supporters lyonnais d\u00e9plorent l\u2019interdiction de d\u00e9placement \u00e0 Saint-\u00c9tienne &#8211; France &#8211; Coupe de France (F)"},"content":{"rendered":"<p>Les supporters lyonnais sont verts. Alors que le derby ASSE-OL Lyonnes pouvait donner lieu \u00e0 un spectacle plut\u00f4t sympa en seizi\u00e8mes de finale de Coupe de France, voil\u00e0 qu\u2019<strong>un arr\u00eat pr\u00e9fectoral interdit la pr\u00e9sence des Lyonnais pour soutenir leur \u00e9quipe<\/strong>.<\/p>\n<p>Le collectif OL Ang\u2019Elles d\u00e9nonce une <strong>injustice, <\/strong>cette interdiction reposant sur <strong>des faits propres aux d\u00e9bordements<\/strong> lors de matchs masculins. \u00ab\u202fNous sommes sanctionn\u00e9s pour des faits qui ne nous concernent pas\u202f\u00bb, incendie le communiqu\u00e9, avant de clore sur un cinglant \u00ab\u00a0<strong>Le football f\u00e9minin m\u00e9rite mieux <\/strong>\u00bb.<\/p>\n<p>La Coupe de toutes les p\u00e9rip\u00e9ties<\/p>\n<p>\u00c0 vrai dire, les supporters n\u2019en sont pas \u00e0 leur premi\u00e8re gal\u00e8re pour pr\u00e9voir leur d\u00e9placement (qui ne pourra d\u00e9sormais se faire que <strong>discr\u00e8tement<\/strong>). <strong>Avanc\u00e9 au samedi \u00e0 14h30<\/strong> en raison des conditions m\u00e9t\u00e9orologiques, alors qu\u2019il devait se d\u00e9rouler le dimanche \u00e0 la m\u00eame heure, le match a aussi chang\u00e9 de lieu. Selon Olympique &amp; Lyonnais, la rencontre devait d\u2019abord se tenir au stade Salif Keita de Saint-\u00c9tienne <strong>avant d\u2019\u00eatre finalement annonc\u00e9e sur le terrain synth\u00e9tique du stade des Olli\u00e8res, \u00e0 l\u2019\u00c9trat<\/strong>.<\/p>\n<p>\u00c0 moins d\u2019un nouveau changement, c\u2019est bien un match de football f\u00e9minin qui aura lieu.<\/p>\n<p>\t\t\t\t\t\t\t\t\t\t<a class=\"lien-connexe\" href=\"https:\/\/www.sofoot.com\/breves\/ligue-des-champions-lol-lyonnes-et-le-paris-fc-connaissent-leur-programme\" target=\"_blank\" rel=\"noopener\">Ligue des champions\u202f: l\u2019OL Lyonnes et le Paris FC connaissent leur programme<\/a>\t\t\t\t\t<\/p>\n","protected":false},"excerpt":{"rendered":"Les supporters lyonnais sont verts. Alors que le derby ASSE-OL Lyonnes pouvait donner lieu \u00e0 un spectacle plut\u00f4t&hellip;\n","protected":false},"author":2,"featured_media":651432,"comment_status":"","ping_status":"","sticky":false,"template":"","format":"standard","meta":{"footnotes":""},"categories":[9653],"tags":[1111,47,11,61,2430,69,65,64,1777,674,63,1011,27,68,66,12,62,70,25,4001,67],"class_list":{"0":"post-651431","1":"post","2":"type-post","3":"status-publish","4":"format-standard","5":"has-post-thumbnail","7":"category-saint-etienne","8":"tag-actu","9":"tag-actualite","10":"tag-actualites","11":"tag-actus-football","12":"tag-auvergne-rhone-alpes","13":"tag-bundesliga","14":"tag-championnats-europeens","15":"tag-equipe-de-france","16":"tag-eu","17":"tag-europe","18":"tag-football","19":"tag-fr","20":"tag-france","21":"tag-ligua","22":"tag-ligue-1","23":"tag-news","24":"tag-news-foot","25":"tag-premier-league","26":"tag-republique-francaise","27":"tag-saint-etienne","28":"tag-serie-a"},"share_on_mastodon":{"url":"https:\/\/pubeurope.com\/@fr\/115864609994280362","error":""},"_links":{"self":[{"href":"https:\/\/www.europesays.com\/fr\/wp-json\/wp\/v2\/posts\/651431","targetHints":{"allow":["GET"]}}],"collection":[{"href":"https:\/\/www.europesays.com\/fr\/wp-json\/wp\/v2\/posts"}],"about":[{"href":"https:\/\/www.europesays.com\/fr\/wp-json\/wp\/v2\/types\/post"}],"author":[{"embeddable":true,"href":"https:\/\/www.europesays.com\/fr\/wp-json\/wp\/v2\/users\/2"}],"replies":[{"embeddable":true,"href":"https:\/\/www.europesays.com\/fr\/wp-json\/wp\/v2\/comments?post=651431"}],"version-history":[{"count":0,"href":"https:\/\/www.europesays.com\/fr\/wp-json\/wp\/v2\/posts\/651431\/revisions"}],"wp:featuredmedia":[{"embeddable":true,"href":"https:\/\/www.europesays.com\/fr\/wp-json\/wp\/v2\/media\/651432"}],"wp:attachment":[{"href":"https:\/\/www.europesays.com\/fr\/wp-json\/wp\/v2\/media?parent=651431"}],"wp:term":[{"taxonomy":"category","embeddable":true,"href":"https:\/\/www.europesays.com\/fr\/wp-json\/wp\/v2\/categories?post=651431"},{"taxonomy":"post_tag","embeddable":true,"href":"https:\/\/www.europesays.com\/fr\/wp-json\/wp\/v2\/tags?post=651431"}],"curies":[{"name":"wp","href":"https:\/\/api.w.org\/{rel}","templated":true}]}}