{"id":651433,"date":"2026-01-09T10:13:44","date_gmt":"2026-01-09T10:13:44","guid":{"rendered":"https:\/\/www.europesays.com\/fr\/651433\/"},"modified":"2026-01-09T10:13:44","modified_gmt":"2026-01-09T10:13:44","slug":"de-la-psychiatrie-a-tiktok-le-parcours-dun-medecin-engage","status":"publish","type":"post","link":"https:\/\/www.europesays.com\/fr\/651433\/","title":{"rendered":"de la psychiatrie \u00e0 TikTok, le parcours d\u2019un\u00a0m\u00e9decin engag\u00e9"},"content":{"rendered":"<p>Un jour un ami lui a conseill\u00e9 de faire l\u2019\u00e9conomie de la discr\u00e9tion. Message re\u00e7u, David Masson a beau \u00eatre de nature r\u00e9serv\u00e9e, le psychiatre s\u2019expose sur les r\u00e9seaux sociaux pour la bonne cause. \u00ab\u00a0J\u2019ai toujours pens\u00e9 qu\u2019en mati\u00e8re de psychiatrie, vulgariser c\u2019\u00e9tait d\u00e9j\u00e0 soigner\u00a0\u00bb. Dans un monde o\u00f9 la maladie mentale est stigmatis\u00e9e, David Masson s\u2019est donn\u00e9 une mission\u00a0: \u00ab\u00a0casser les clich\u00e9s qui l\u2019entourent\u00a0\u00bb. Et tous les moyens sont bons. Le psychiatre publie r\u00e9guli\u00e8rement des vid\u00e9os sur Instagram, Linkedin et m\u00eame sur TikTok.\u00a0Des formats courts pour parler crises d\u2019angoisse, d\u00e9pression et m\u00eame pour tester nos id\u00e9es re\u00e7ues \u00e0 propos des antid\u00e9presseurs.\u00a0Le m\u00e9decin vulgarise, sans jamais verser dans la simplicit\u00e9. Rien ne le pr\u00e9destinait pourtant \u00e0 la psychiatrie et encore moins \u00e0\u00a0d\u00e9crypter la&#8230;<\/p>\n","protected":false},"excerpt":{"rendered":"Un jour un ami lui a conseill\u00e9 de faire l\u2019\u00e9conomie de la discr\u00e9tion. Message re\u00e7u, David Masson a&hellip;\n","protected":false},"author":2,"featured_media":651434,"comment_status":"","ping_status":"","sticky":false,"template":"","format":"standard","meta":{"footnotes":""},"categories":[9635],"tags":[1111,11,1777,674,1011,27,775,5362,3457,1702,12,3456,25,71,104],"class_list":{"0":"post-651433","1":"post","2":"type-post","3":"status-publish","4":"format-standard","5":"has-post-thumbnail","7":"category-nancy","8":"tag-actu","9":"tag-actualites","10":"tag-eu","11":"tag-europe","12":"tag-fr","13":"tag-france","14":"tag-grand-est","15":"tag-magazine-sante","16":"tag-meurthe-et-moselle","17":"tag-nancy","18":"tag-news","19":"tag-region-lorraine","20":"tag-republique-francaise","21":"tag-sante","22":"tag-societe"},"share_on_mastodon":{"url":"https:\/\/pubeurope.com\/@fr\/115864613956076483","error":""},"_links":{"self":[{"href":"https:\/\/www.europesays.com\/fr\/wp-json\/wp\/v2\/posts\/651433","targetHints":{"allow":["GET"]}}],"collection":[{"href":"https:\/\/www.europesays.com\/fr\/wp-json\/wp\/v2\/posts"}],"about":[{"href":"https:\/\/www.europesays.com\/fr\/wp-json\/wp\/v2\/types\/post"}],"author":[{"embeddable":true,"href":"https:\/\/www.europesays.com\/fr\/wp-json\/wp\/v2\/users\/2"}],"replies":[{"embeddable":true,"href":"https:\/\/www.europesays.com\/fr\/wp-json\/wp\/v2\/comments?post=651433"}],"version-history":[{"count":0,"href":"https:\/\/www.europesays.com\/fr\/wp-json\/wp\/v2\/posts\/651433\/revisions"}],"wp:featuredmedia":[{"embeddable":true,"href":"https:\/\/www.europesays.com\/fr\/wp-json\/wp\/v2\/media\/651434"}],"wp:attachment":[{"href":"https:\/\/www.europesays.com\/fr\/wp-json\/wp\/v2\/media?parent=651433"}],"wp:term":[{"taxonomy":"category","embeddable":true,"href":"https:\/\/www.europesays.com\/fr\/wp-json\/wp\/v2\/categories?post=651433"},{"taxonomy":"post_tag","embeddable":true,"href":"https:\/\/www.europesays.com\/fr\/wp-json\/wp\/v2\/tags?post=651433"}],"curies":[{"name":"wp","href":"https:\/\/api.w.org\/{rel}","templated":true}]}}