{"id":651435,"date":"2026-01-09T10:14:12","date_gmt":"2026-01-09T10:14:12","guid":{"rendered":"https:\/\/www.europesays.com\/fr\/651435\/"},"modified":"2026-01-09T10:14:12","modified_gmt":"2026-01-09T10:14:12","slug":"aeroport-metz-nancy-lorraine-davantage-de-destinations-mais-des-offres-ponctuelles","status":"publish","type":"post","link":"https:\/\/www.europesays.com\/fr\/651435\/","title":{"rendered":"A\u00e9roport Metz-Nancy Lorraine : davantage de destinations mais des offres ponctuelles"},"content":{"rendered":"<p>\t\t\t\t Le nombre de passagers progresse \u00e0 l&rsquo;a\u00e9roport lorrain qui mise sur les vols vacances.<\/p>\n<p>Les chiffres sont meilleurs que l\u2019an pass\u00e9, un \u00e9l\u00e9ment positif que met en valeur Yves Loubet, directeur de l\u2019a\u00e9roport Metz-Nancy Lorraine. \u00abOn est en progression. De 105 000 passagers en 2024, on misait sur un total de 120 000, et finalement on a boucl\u00e9 \u00e0 121 000. Soit une fr\u00e9quentation en hausse de plus de 15 %.\u00bb<\/p>\n<p>Pas de quoi pavoiser au regard des objectifs qui tablaient  &#8230;Cet article est r\u00e9serv\u00e9 aux abonn\u00e9s.<\/p>\n<p>Pour profiter pleinement de l\u2019ensemble des articles, d\u00e9couvrez nos offres d\u2019abonnement.<\/p>\n<p><a class=\"offers_paywall_LQ\" target=\"_blank\" href=\"https:\/\/abo.lequotidien.lu\" rel=\"noopener\">D\u00e9couvrez nos offres<\/a> Je suis d\u00e9j\u00e0 client<\/p>\n","protected":false},"excerpt":{"rendered":"Le nombre de passagers progresse \u00e0 l&rsquo;a\u00e9roport lorrain qui mise sur les vols vacances. Les chiffres sont meilleurs&hellip;\n","protected":false},"author":2,"featured_media":651436,"comment_status":"","ping_status":"","sticky":false,"template":"","format":"standard","meta":{"footnotes":""},"categories":[9635],"tags":[1111,11,1777,674,1011,27,775,1702,12,25],"class_list":{"0":"post-651435","1":"post","2":"type-post","3":"status-publish","4":"format-standard","5":"has-post-thumbnail","7":"category-nancy","8":"tag-actu","9":"tag-actualites","10":"tag-eu","11":"tag-europe","12":"tag-fr","13":"tag-france","14":"tag-grand-est","15":"tag-nancy","16":"tag-news","17":"tag-republique-francaise"},"share_on_mastodon":{"url":"https:\/\/pubeurope.com\/@fr\/115864617763851913","error":""},"_links":{"self":[{"href":"https:\/\/www.europesays.com\/fr\/wp-json\/wp\/v2\/posts\/651435","targetHints":{"allow":["GET"]}}],"collection":[{"href":"https:\/\/www.europesays.com\/fr\/wp-json\/wp\/v2\/posts"}],"about":[{"href":"https:\/\/www.europesays.com\/fr\/wp-json\/wp\/v2\/types\/post"}],"author":[{"embeddable":true,"href":"https:\/\/www.europesays.com\/fr\/wp-json\/wp\/v2\/users\/2"}],"replies":[{"embeddable":true,"href":"https:\/\/www.europesays.com\/fr\/wp-json\/wp\/v2\/comments?post=651435"}],"version-history":[{"count":0,"href":"https:\/\/www.europesays.com\/fr\/wp-json\/wp\/v2\/posts\/651435\/revisions"}],"wp:featuredmedia":[{"embeddable":true,"href":"https:\/\/www.europesays.com\/fr\/wp-json\/wp\/v2\/media\/651436"}],"wp:attachment":[{"href":"https:\/\/www.europesays.com\/fr\/wp-json\/wp\/v2\/media?parent=651435"}],"wp:term":[{"taxonomy":"category","embeddable":true,"href":"https:\/\/www.europesays.com\/fr\/wp-json\/wp\/v2\/categories?post=651435"},{"taxonomy":"post_tag","embeddable":true,"href":"https:\/\/www.europesays.com\/fr\/wp-json\/wp\/v2\/tags?post=651435"}],"curies":[{"name":"wp","href":"https:\/\/api.w.org\/{rel}","templated":true}]}}