{"id":651441,"date":"2026-01-09T10:18:16","date_gmt":"2026-01-09T10:18:16","guid":{"rendered":"https:\/\/www.europesays.com\/fr\/651441\/"},"modified":"2026-01-09T10:18:16","modified_gmt":"2026-01-09T10:18:16","slug":"challenge-cup-cela-lui-a-permis-de-recuperer-du-temps-de-jeu-thomas-darmon-montpellier-latout-polyvalence-du-mhr","status":"publish","type":"post","link":"https:\/\/www.europesays.com\/fr\/651441\/","title":{"rendered":"Challenge Cup \u2013 \u00ab\u00a0Cela lui a permis de r\u00e9cup\u00e9rer du temps de jeu\u00a0\u00bb : Thomas Darmon (Montpellier), l\u2019atout polyvalence du MHR"},"content":{"rendered":"<p>\n                Ouvreur de formation et capable de buter de loin, le centre montpelli\u00e9rain Thomas Darmon a encore d\u00e9velopp\u00e9 sa polyvalence depuis le d\u00e9but de la saison en se formant au poste d\u2019arri\u00e8re. Un atout de poids qui permet au MHR de composer des bancs \u00e0 six avants\u2026\n            <\/p>\n<p>Thomas Darmon, vous le connaissez. \u00c0 27 ans, ce Montpelli\u00e9rain pure souche (il a d\u00e9but\u00e9 le rugby au MHR \u00e0 5 ans et n\u2019a jamais connu un autre club) \u00e9cume les pelouses du Top 14 depuis 2017 et compte aujourd\u2019hui 135 matchs toutes comp\u00e9titions confondues avec Montpellier. Le plus souvent, vous le voyez \u00e9voluer au poste de second centre. Par le pass\u00e9, vous l\u2019avez \u00e9galement vu \u00e9voluer \u00e0 l\u2019ouverture, son poste de formation. Mais \u00e0 l\u2019avenir, vous risquez de le voir \u00e9voluer \u00e0 l\u2019arri\u00e8re. C\u2019\u00e9tait d\u00e9j\u00e0 arriv\u00e9 par le pass\u00e9, notamment sous les mandats de Vern Cotter ou de Xavier Garbajosa. Mais cette polyvalence au poste d\u2019arri\u00e8re figure \u00e9galement sur sa feuille de route 2025-2026 d\u00e9termin\u00e9e par le staff en d\u00e9but d\u2019exercice\u00a0: \u00ab\u00a0On a expliqu\u00e9 \u00e0 Thomas que le fait de jouer \u00e0 l\u2019arri\u00e8re, m\u00eame si c\u2019est un poste qu\u2019il connaissait peu, allait lui permettre d\u2019encha\u00eener les feuilles de match, confiait son manager Joan Caudullo. C\u2019est ce qu\u2019il a fait sur les trois derniers matchs de Top 14. Cela lui a permis de r\u00e9cup\u00e9rer du temps de jeu, et aujourd\u2019hui, il appr\u00e9cie ce poste. M\u00eame s\u2019il a plus d\u2019exp\u00e9rience en 13, je trouve qu\u2019il a le m\u00eame niveau sur les deux positions.\u00a0\u00bb<\/p>\n<p>Et il faut dire que l\u2019int\u00e9ress\u00e9 poss\u00e8de toutes les qualit\u00e9s pour briller \u00e0 ce poste de 15\u00a0: \u00ab\u00a0C\u2019est quelqu\u2019un qui a d\u00e9j\u00e0 une longueur de jeu au pied int\u00e9ressante, une bonne vitesse, et que je trouve tr\u00e8s bon sur les contre-attaques. Il a cette capacit\u00e9 \u00e0 chercher les espaces libres. Il lui manquait peut-\u00eatre un peu de pr\u00e9cision au pied, ce qui est normal, car en 13 il en a moins besoin mais il travaille cet aspect avec notre sp\u00e9cialiste du secteur J\u00e9r\u00e9my Valls. Aujourd\u2019hui, on le positionne sur ces postes-l\u00e0, notamment en Coupe d\u2019Europe, o\u00f9 il sera utilis\u00e9 \u00e0 la fois comme arri\u00e8re et comme 13.\u00a0\u00bb<\/p>\n<p>Le trois-quarts polyvalent, la solution au 6-2<\/p>\n<p>En plus d\u2019offrir de nouvelles perspectives au joueur, cette reconversion (partielle) en offre \u00e9galement \u00e0 son \u00e9quipe\u00a0: \u00ab\u00a0Avec Thomas, on a pu faire des bancs en 6-2 avec lui\u00a0: comme il couvre les postes de centre et d\u2019arri\u00e8re et qu\u2019il a \u00e9t\u00e9 form\u00e9 en 10, c\u2019est donc un \u00ab\u00a0utility back\u00a0\u00bb tr\u00e8s int\u00e9ressant dans notre effectif.\u00a0\u00bb Et le MHR tient \u00e0 ces fameux bancs \u00e0 six avants\u00a0: \u00ab\u00a0Notre jeu le demande, on a beaucoup besoin de nos avants avec notre style de jeu qui sollicite un peu moins nos trois-quarts, explique Caudullo. Jusqu\u2019ici, on a vraiment gal\u00e9r\u00e9 \u00e0 en faire, je crois qu\u2019on en compte que quatre depuis le d\u00e9but de la saison. J\u2019aimerais qu\u2019on en fasse davantage, c\u2019est pourquoi la polyvalence de Thomas est appr\u00e9ci\u00e9e.\u00a0\u00bb <\/p>\n<p>Et pour ne rien g\u00e2cher, Darmon a \u00e9galement progress\u00e9 en d\u00e9fense sous l\u2019\u00e9gide de son ancien co\u00e9quipier Geoffrey Doumayrou\u00a0: \u00ab\u00a0Je trouve qu\u2019il progresse sur sa capacit\u00e9 \u00e0 bien fermer, \u00e0 \u00eatre bien espac\u00e9, \u00e0 d\u00e9fendre de l\u2019ext\u00e9rieur vers l\u2019int\u00e9rieur. Ce sont des choses qu\u2019il n\u2019avait pas au d\u00e9part. Ces derni\u00e8res semaines, il a fait des entr\u00e9es tr\u00e8s int\u00e9ressantes sur le plan d\u00e9fensif.\u00a0\u00bb Dimanche, contre les Irlandais du Connacht, Thomas Darmon d\u00e9butera au centre. Avant de glisser \u00e0 l\u2019arri\u00e8re, pour remplacer Thomas Vincent qui passera \u00e0 l\u2019ouverture en cours de rencontre\u00a0? C\u2019est tr\u00e8s probable\u2026<\/p>\n","protected":false},"excerpt":{"rendered":"Ouvreur de formation et capable de buter de loin, le centre montpelli\u00e9rain Thomas Darmon a encore d\u00e9velopp\u00e9 sa&hellip;\n","protected":false},"author":2,"featured_media":651442,"comment_status":"","ping_status":"","sticky":false,"template":"","format":"standard","meta":{"footnotes":""},"categories":[9599],"tags":[1111,11,69590,1777,674,1011,27,2208,12,2680,25,68796,75569],"class_list":{"0":"post-651441","1":"post","2":"type-post","3":"status-publish","4":"format-standard","5":"has-post-thumbnail","7":"category-montpellier","8":"tag-actu","9":"tag-actualites","10":"tag-epcr-challenge-cup","11":"tag-eu","12":"tag-europe","13":"tag-fr","14":"tag-france","15":"tag-montpellier","16":"tag-news","17":"tag-occitanie","18":"tag-republique-francaise","19":"tag-rugby-u00e0-xv","20":"tag-thomas-darmon"},"share_on_mastodon":{"url":"https:\/\/pubeurope.com\/@fr\/115864633497979030","error":""},"_links":{"self":[{"href":"https:\/\/www.europesays.com\/fr\/wp-json\/wp\/v2\/posts\/651441","targetHints":{"allow":["GET"]}}],"collection":[{"href":"https:\/\/www.europesays.com\/fr\/wp-json\/wp\/v2\/posts"}],"about":[{"href":"https:\/\/www.europesays.com\/fr\/wp-json\/wp\/v2\/types\/post"}],"author":[{"embeddable":true,"href":"https:\/\/www.europesays.com\/fr\/wp-json\/wp\/v2\/users\/2"}],"replies":[{"embeddable":true,"href":"https:\/\/www.europesays.com\/fr\/wp-json\/wp\/v2\/comments?post=651441"}],"version-history":[{"count":0,"href":"https:\/\/www.europesays.com\/fr\/wp-json\/wp\/v2\/posts\/651441\/revisions"}],"wp:featuredmedia":[{"embeddable":true,"href":"https:\/\/www.europesays.com\/fr\/wp-json\/wp\/v2\/media\/651442"}],"wp:attachment":[{"href":"https:\/\/www.europesays.com\/fr\/wp-json\/wp\/v2\/media?parent=651441"}],"wp:term":[{"taxonomy":"category","embeddable":true,"href":"https:\/\/www.europesays.com\/fr\/wp-json\/wp\/v2\/categories?post=651441"},{"taxonomy":"post_tag","embeddable":true,"href":"https:\/\/www.europesays.com\/fr\/wp-json\/wp\/v2\/tags?post=651441"}],"curies":[{"name":"wp","href":"https:\/\/api.w.org\/{rel}","templated":true}]}}