{"id":651443,"date":"2026-01-09T10:20:10","date_gmt":"2026-01-09T10:20:10","guid":{"rendered":"https:\/\/www.europesays.com\/fr\/651443\/"},"modified":"2026-01-09T10:20:10","modified_gmt":"2026-01-09T10:20:10","slug":"apres-les-ecologistes-les-communistes-prennent-a-leur-tour-leur-decision","status":"publish","type":"post","link":"https:\/\/www.europesays.com\/fr\/651443\/","title":{"rendered":"apr\u00e8s les \u00e9cologistes, les communistes prennent \u00e0 leur tour leur d\u00e9cision"},"content":{"rendered":"<p>                    Par<br \/>\n        <strong><br \/>\n            <a href=\"https:\/\/actu.fr\/auteur\/fmass\" title=\"Consulter tous les articles de Fabien Massin\" target=\"_blank\" rel=\"noopener\">Fabien Massin<\/a><br \/>\n                    <\/strong><\/p>\n<p>        Publi\u00e9 le<\/p>\n<p>            9 janv. 2026 \u00e0 10h04        <\/p>\n<p><a href=\"https:\/\/actu.fr\/normandie\/rouen_76540\/municipales-a-rouen-les-ecolos-font-un-choix-decisif-pour-la-campagne-des-le-premier-tour_63669446.html\" target=\"_blank\" rel=\"noopener\">Apr\u00e8s les \u00e9cologistes<\/a>, un nouvel alli\u00e9 rejoint le collectif <strong>Fiers de Rouen<\/strong>, emmen\u00e9 par <a href=\"https:\/\/actu.fr\/tag\/nicolas-mayer-rossignol\" target=\"_blank\" rel=\"noopener\">Nicolas Mayer-Rossignol<\/a>, candidat \u00e0 sa <a href=\"https:\/\/actu.fr\/normandie\/rouen_76540\/candidat-ou-pas-nicolas-mayer-rossignol-sort-enfin-du-bois-pour-les-municipales-a-rouen_63663242.html\" target=\"_blank\" rel=\"noopener\">r\u00e9\u00e9lection aux postes de maire et de pr\u00e9sident de la M\u00e9tropole de Rouen<\/a>. Cela, en vue de constituer une liste commune d\u00e8s le premier tour du scrutin de mars 2026.\u00a0<\/p>\n<p>\u00ab\u00a0Une logique de continuit\u00e9 et de rupture \u00e0 la fois\u00a0\u00bb<\/p>\n<p class=\" wall-content\">Il s\u2019agit des communistes, qui ont annonc\u00e9 cette d\u00e9cision dans un communiqu\u00e9 vendredi 9 janvier 2026 : \u00ab\u00a0Les adh\u00e9rents de la section de Rouen du Parti communiste fran\u00e7ais ont <strong>approuv\u00e9 par un vote favorable \u00e0 80%<\/strong> la conclusion d\u2019un accord politique en vue de constituer une liste de rassemblement de la gauche, conduite par le maire sortant Nicolas Mayer Rossignol, d\u00e8s le premier tour des \u00e9lections municipales \u00e0 Rouen.\u00a0\u00bb<\/p>\n<blockquote class=\"ac-article-quote wall-content\">\n<p>Cet accord s\u2019inscrit dans une logique de continuit\u00e9 et de rupture \u00e0 la fois : continuit\u00e9 avec les politiques de transformation sociale, \u00e9cologique et d\u00e9mocratique men\u00e9es notamment depuis 2020 \u00e0 Rouen ; rupture avec les logiques lib\u00e9rales, les renoncements sociaux et les politiques de recul que portent la droite et l\u2019extr\u00eame droite.<\/p>\n<p>    <strong>La section de Rouen du PCF<\/strong>\n            <\/p><\/blockquote>\n<p class=\" wall-content\">La section rouennaise du PCF met en avant les priorit\u00e9s qui selon elle devront \u00eatre port\u00e9es par le projet commun : transports, logement, acc\u00e8s aux droits, sant\u00e9, vie de quartier, d\u00e9mocratie participative, etc.\u00a0<\/p>\n<p>\u00ab\u00a0Transparence entre partenaires\u00a0\u00bb<\/p>\n<p class=\" wall-content\">\u00ab\u00a0La majorit\u00e9 municipale agira dans un cadre de gouvernance fond\u00e9 sur un<strong> renforcement de la concertation<\/strong>, la responsabilit\u00e9 et la transparence entre partenaires\u00a0\u00bb,\u00a0 esp\u00e8rent les militants communistes.\u00a0<\/p>\n<p class=\" wall-content\">Au premier tour des \u00e9lections municipales de 2020, les communistes <a href=\"https:\/\/actu.fr\/normandie\/rouen_76540\/municipales-rouen-jean-michel-beregovoy-presente-liste-reenchanter-ville_31364257.html\" target=\"_blank\" rel=\"noopener\">\u00e9taient pr\u00e9sents sur la liste conduite par Jean-Michel B\u00e9r\u00e9govoy<\/a>, aux c\u00f4t\u00e9 d\u2019autres entit\u00e9s politiques comme G\u00e9n\u00e9ration.s, les Radicaux de gauche et G\u00e9n\u00e9ration \u00e9cologie. <a href=\"https:\/\/actu.fr\/normandie\/rouen_76540\/nicolas-mayer-rossignol-devoile-sa-liste-pour-le-second-tour-des-elections-municipales-a-rouen_34036830.html\" target=\"_blank\" rel=\"noopener\">Une liste commune avait ensuite \u00e9t\u00e9 constitu\u00e9e<\/a> avec Fiers de Rouen.\u00a0<\/p>\n<p>Vid\u00e9os : en ce moment sur ActuSuivez l\u2019actualit\u00e9 de Rouen sur notre <a href=\"https:\/\/www.whatsapp.com\/channel\/0029VaKfnf99hXF2ddApFB1D\" target=\"_blank\" rel=\"noopener\">cha\u00eene WhatsApp<\/a> et sur notre <a href=\"https:\/\/www.tiktok.com\/@76actu.fr?lang=fr\" target=\"_blank\" rel=\"noopener\">compte TikTok<\/a><\/p>\n<p class=\" wall-content\">Personnalisez votre actualit\u00e9 en ajoutant vos villes et m\u00e9dias en favori avec <a href=\"https:\/\/moncompte.actu.fr\" title=\"D\u00e9couvez Mon Actu\" rel=\"nofollow noopener\" data-trk=\"{&quot;cta&quot;:{&quot;action&quot;:&quot;https:\\\/\\\/moncompte.actu.fr&quot;,&quot;category&quot;:&quot;mon compte&quot;,&quot;from&quot;:&quot;article footer&quot;,&quot;name&quot;:&quot;Mon actu&quot;,&quot;type&quot;:&quot;cta&quot;}}\" target=\"_blank\">Mon Actu<\/a>.<\/p>\n<p>                    <script async src=\"\/\/www.tiktok.com\/embed.js\"><\/script><\/p>\n","protected":false},"excerpt":{"rendered":"Par Fabien Massin Publi\u00e9 le 9 janv. 2026 \u00e0 10h04 Apr\u00e8s les \u00e9cologistes, un nouvel alli\u00e9 rejoint le&hellip;\n","protected":false},"author":2,"featured_media":651444,"comment_status":"","ping_status":"","sticky":false,"template":"","format":"standard","meta":{"footnotes":""},"categories":[9587],"tags":[1111,11,1777,674,1011,27,3434,12,13268,5161,5989,316,25,9590],"class_list":{"0":"post-651443","1":"post","2":"type-post","3":"status-publish","4":"format-standard","5":"has-post-thumbnail","7":"category-rouen","8":"tag-actu","9":"tag-actualites","10":"tag-eu","11":"tag-europe","12":"tag-fr","13":"tag-france","14":"tag-municipales-2026","15":"tag-news","16":"tag-nicolas-mayer-rossignol","17":"tag-normandie","18":"tag-parti-communiste-pcf","19":"tag-politique","20":"tag-republique-francaise","21":"tag-rouen"},"share_on_mastodon":{"url":"https:\/\/pubeurope.com\/@fr\/115864641373491855","error":""},"_links":{"self":[{"href":"https:\/\/www.europesays.com\/fr\/wp-json\/wp\/v2\/posts\/651443","targetHints":{"allow":["GET"]}}],"collection":[{"href":"https:\/\/www.europesays.com\/fr\/wp-json\/wp\/v2\/posts"}],"about":[{"href":"https:\/\/www.europesays.com\/fr\/wp-json\/wp\/v2\/types\/post"}],"author":[{"embeddable":true,"href":"https:\/\/www.europesays.com\/fr\/wp-json\/wp\/v2\/users\/2"}],"replies":[{"embeddable":true,"href":"https:\/\/www.europesays.com\/fr\/wp-json\/wp\/v2\/comments?post=651443"}],"version-history":[{"count":0,"href":"https:\/\/www.europesays.com\/fr\/wp-json\/wp\/v2\/posts\/651443\/revisions"}],"wp:featuredmedia":[{"embeddable":true,"href":"https:\/\/www.europesays.com\/fr\/wp-json\/wp\/v2\/media\/651444"}],"wp:attachment":[{"href":"https:\/\/www.europesays.com\/fr\/wp-json\/wp\/v2\/media?parent=651443"}],"wp:term":[{"taxonomy":"category","embeddable":true,"href":"https:\/\/www.europesays.com\/fr\/wp-json\/wp\/v2\/categories?post=651443"},{"taxonomy":"post_tag","embeddable":true,"href":"https:\/\/www.europesays.com\/fr\/wp-json\/wp\/v2\/tags?post=651443"}],"curies":[{"name":"wp","href":"https:\/\/api.w.org\/{rel}","templated":true}]}}