{"id":651447,"date":"2026-01-09T10:23:09","date_gmt":"2026-01-09T10:23:09","guid":{"rendered":"https:\/\/www.europesays.com\/fr\/651447\/"},"modified":"2026-01-09T10:23:09","modified_gmt":"2026-01-09T10:23:09","slug":"arbres-tombes-cables-arraches-quelles-consequences-en-ille-et-vilaine-on-fait-le-point","status":"publish","type":"post","link":"https:\/\/www.europesays.com\/fr\/651447\/","title":{"rendered":"arbres tomb\u00e9s, c\u00e2bles arrach\u00e9s\u2026 Quelles cons\u00e9quences en Ille-et-Vilaine ? On fait le point"},"content":{"rendered":"<p>                    Par<br \/>\n        <strong><br \/>\n            <a href=\"https:\/\/actu.fr\/auteur\/brian-legoff\" title=\"Consulter tous les articles de Brian Le Goff\" target=\"_blank\" rel=\"noopener\">Brian Le Goff<\/a><br \/>\n                    <\/strong><\/p>\n<p>        Publi\u00e9 le<\/p>\n<p>            9 janv. 2026 \u00e0 10h07        <\/p>\n<p>Selon le point de situation communiqu\u00e9 par la pr\u00e9fecture d\u2019Ille-et-Vilaine, le sc\u00e9nario pr\u00e9vu par M\u00e9t\u00e9o France s\u2019est confirm\u00e9. Des <strong data-start=\"627\" data-end=\"670\">rafales de vent allant jusqu\u2019\u00e0 100\u00a0km\/h<\/strong>\u00a0ont \u00e9t\u00e9 enregistr\u00e9es \u00e0\u00a0<strong data-start=\"694\" data-end=\"704\">Rennes<\/strong>\u00a0et\u00a0<strong data-start=\"708\" data-end=\"718\">Dinard<\/strong>\u00a0aux alentours de minuit. Dans le sud du d\u00e9partement, une pointe \u00e0\u00a0<strong data-start=\"785\" data-end=\"796\">90\u00a0km\/h<\/strong>\u00a0a \u00e9t\u00e9 relev\u00e9e \u00e0\u00a0<strong data-start=\"813\" data-end=\"831\">La No\u00eb Blanche<\/strong>, vers 21h.<\/p>\n<p>19 interventions<\/p>\n<p class=\" wall-content\">Sur l\u2019ensemble du d\u00e9partement, les services de secours ont r\u00e9alis\u00e9<strong data-start=\"1057\" data-end=\"1130\"> 19 interventions dans 17\u00a0communes<\/strong> durant la nuit. Les causes principales\u2009:<\/p>\n<ul class=\" wall-content\">\n<li>11 interventions li\u00e9es \u00e0 des chutes d\u2019arbres\u2009;<\/li>\n<li>4 pour des c\u00e2bles \u00e9lectriques tomb\u00e9s\u2009;<\/li>\n<li>4 pour des chutes de mat\u00e9riaux sur la voie publique.<\/li>\n<\/ul>\n<p class=\" wall-content\">Ces interventions t\u00e9moignent de l\u2019importance des rafales qui ont accompagn\u00e9 le passage de Goretti. Les \u00e9quipes de pompiers et de s\u00e9curit\u00e9 restent mobilis\u00e9es.<\/p>\n<p>Conseils pour les d\u00e9placements<\/p>\n<p data-start=\"1607\" data-end=\"1917\" class=\" wall-content\"><a href=\"https:\/\/actu.fr\/bretagne\/rennes_35238\/tempete-goretti-en-bretagne-orages-vent-fort-meteo-france-maintient-les-quatre-departements-en-vigilance_63673964.html\" target=\"_blank\" rel=\"noopener\">M\u00eame si la Bretagne reste en vigilance ce vendredi<\/a>, la temp\u00eate s\u2019\u00e9loigne progressivement vers le nord et l\u2019est du pays.<\/p>\n<p data-start=\"1607\" data-end=\"1917\" class=\" wall-content\">La pr\u00e9fecture appelle \u00e0 la <a href=\"https:\/\/actu.fr\/bretagne\/rennes_35238\/tempete-goretti-a-l-aeroport-de-rennes-plusieurs-vols-annules-ou-reportes_63672945.html\" target=\"_blank\" rel=\"noopener\">prudence des automobilistes<\/a>. Malgr\u00e9 une baisse relative des vents, <strong data-start=\"1797\" data-end=\"1867\">des branches ou d\u00e9bris peuvent encore \u00eatre pr\u00e9sents sur les routes<\/strong>, ce qui est potentiellement dangereux pour la circulation.<\/p>\n<p class=\" wall-content\">Personnalisez votre actualit\u00e9 en ajoutant vos villes et m\u00e9dias en favori avec <a href=\"https:\/\/moncompte.actu.fr\" title=\"D\u00e9couvez Mon Actu\" rel=\"nofollow noopener\" data-trk=\"{&quot;cta&quot;:{&quot;action&quot;:&quot;https:\\\/\\\/moncompte.actu.fr&quot;,&quot;category&quot;:&quot;mon compte&quot;,&quot;from&quot;:&quot;article footer&quot;,&quot;name&quot;:&quot;Mon actu&quot;,&quot;type&quot;:&quot;cta&quot;}}\" target=\"_blank\">Mon Actu<\/a>.<\/p>\n","protected":false},"excerpt":{"rendered":"Par Brian Le Goff Publi\u00e9 le 9 janv. 2026 \u00e0 10h07 Selon le point de situation communiqu\u00e9 par&hellip;\n","protected":false},"author":2,"featured_media":651448,"comment_status":"","ping_status":"","sticky":false,"template":"","format":"standard","meta":{"footnotes":""},"categories":[2821],"tags":[1111,11,829,1777,674,1011,27,2487,12,584,25,75296],"class_list":{"0":"post-651447","1":"post","2":"type-post","3":"status-publish","4":"format-standard","5":"has-post-thumbnail","7":"category-rennes","8":"tag-actu","9":"tag-actualites","10":"tag-bretagne","11":"tag-eu","12":"tag-europe","13":"tag-fr","14":"tag-france","15":"tag-meteo","16":"tag-news","17":"tag-rennes","18":"tag-republique-francaise","19":"tag-tempete-goretti"},"share_on_mastodon":{"url":"https:\/\/pubeurope.com\/@fr\/115864653341397230","error":""},"_links":{"self":[{"href":"https:\/\/www.europesays.com\/fr\/wp-json\/wp\/v2\/posts\/651447","targetHints":{"allow":["GET"]}}],"collection":[{"href":"https:\/\/www.europesays.com\/fr\/wp-json\/wp\/v2\/posts"}],"about":[{"href":"https:\/\/www.europesays.com\/fr\/wp-json\/wp\/v2\/types\/post"}],"author":[{"embeddable":true,"href":"https:\/\/www.europesays.com\/fr\/wp-json\/wp\/v2\/users\/2"}],"replies":[{"embeddable":true,"href":"https:\/\/www.europesays.com\/fr\/wp-json\/wp\/v2\/comments?post=651447"}],"version-history":[{"count":0,"href":"https:\/\/www.europesays.com\/fr\/wp-json\/wp\/v2\/posts\/651447\/revisions"}],"wp:featuredmedia":[{"embeddable":true,"href":"https:\/\/www.europesays.com\/fr\/wp-json\/wp\/v2\/media\/651448"}],"wp:attachment":[{"href":"https:\/\/www.europesays.com\/fr\/wp-json\/wp\/v2\/media?parent=651447"}],"wp:term":[{"taxonomy":"category","embeddable":true,"href":"https:\/\/www.europesays.com\/fr\/wp-json\/wp\/v2\/categories?post=651447"},{"taxonomy":"post_tag","embeddable":true,"href":"https:\/\/www.europesays.com\/fr\/wp-json\/wp\/v2\/tags?post=651447"}],"curies":[{"name":"wp","href":"https:\/\/api.w.org\/{rel}","templated":true}]}}