{"id":651453,"date":"2026-01-09T10:26:11","date_gmt":"2026-01-09T10:26:11","guid":{"rendered":"https:\/\/www.europesays.com\/fr\/651453\/"},"modified":"2026-01-09T10:26:11","modified_gmt":"2026-01-09T10:26:11","slug":"fc-metz-un-derby-a-strasbourg-sans-koffi-kouao","status":"publish","type":"post","link":"https:\/\/www.europesays.com\/fr\/651453\/","title":{"rendered":"FC Metz : Un derby \u00e0 Strasbourg sans Koffi Kouao"},"content":{"rendered":"<p>Le FC Metz devra composer sans Koffi Kouao lors du derby face au RC Strasbourg. Le lat\u00e9ral droit messin a \u00e9cop\u00e9 de son cinqui\u00e8me carton jaune de la saison dimanche, lors du match nul contre Lorient (1-1). Averti \u00e0 la 69e minute pour une faute sur Pablo Pagis, l\u2019Ivoirien est automatiquement suspendu pour une rencontre, conform\u00e9ment au r\u00e8glement.<\/p>\n<p>Cette suspension tombe au plus mauvais moment pour les Grenats, puisque Kouao purgera son match de suspension lors du d\u00e9placement \u00e0 la Meinau, le samedi 18 janvier (15h), dans un derby toujours particulier et aussi crucial pour la suite du championnat.<\/p>\n<p>Koffi Kouao a disput\u00e9 15 rencontres de Ligue 1, toutes en tant que titulaire, et d\u00e9livr\u00e9 une passe d\u00e9cisive. Son absence obligera donc le staff messin \u00e0 repositionner Maxime Colin sur son c\u00f4t\u00e9 droit naturel, et trouver une alternative sur le flanc gauche de la d\u00e9fense.<\/p>\n","protected":false},"excerpt":{"rendered":"Le FC Metz devra composer sans Koffi Kouao lors du derby face au RC Strasbourg. Le lat\u00e9ral droit&hellip;\n","protected":false},"author":2,"featured_media":651454,"comment_status":"","ping_status":"","sticky":false,"template":"","format":"standard","meta":{"footnotes":""},"categories":[2820],"tags":[34996,1111,11,1777,674,8113,1011,27,775,75570,66,37199,6212,12,4448,28836,24894,25,640,927],"class_list":{"0":"post-651453","1":"post","2":"type-post","3":"status-publish","4":"format-standard","5":"has-post-thumbnail","7":"category-strasbourg","8":"tag-2025-2026","9":"tag-actu","10":"tag-actualites","11":"tag-eu","12":"tag-europe","13":"tag-fc-metz","14":"tag-fr","15":"tag-france","16":"tag-grand-est","17":"tag-koffi-kouao","18":"tag-ligue-1","19":"tag-ligue-1-mcdonalds","20":"tag-metz","21":"tag-news","22":"tag-rc-strasbourg","23":"tag-rc-strasbourg-alsace","24":"tag-rcsa","25":"tag-republique-francaise","26":"tag-strasbourg","27":"tag-suspension"},"share_on_mastodon":{"url":"https:\/\/pubeurope.com\/@fr\/115864665039752291","error":""},"_links":{"self":[{"href":"https:\/\/www.europesays.com\/fr\/wp-json\/wp\/v2\/posts\/651453","targetHints":{"allow":["GET"]}}],"collection":[{"href":"https:\/\/www.europesays.com\/fr\/wp-json\/wp\/v2\/posts"}],"about":[{"href":"https:\/\/www.europesays.com\/fr\/wp-json\/wp\/v2\/types\/post"}],"author":[{"embeddable":true,"href":"https:\/\/www.europesays.com\/fr\/wp-json\/wp\/v2\/users\/2"}],"replies":[{"embeddable":true,"href":"https:\/\/www.europesays.com\/fr\/wp-json\/wp\/v2\/comments?post=651453"}],"version-history":[{"count":0,"href":"https:\/\/www.europesays.com\/fr\/wp-json\/wp\/v2\/posts\/651453\/revisions"}],"wp:featuredmedia":[{"embeddable":true,"href":"https:\/\/www.europesays.com\/fr\/wp-json\/wp\/v2\/media\/651454"}],"wp:attachment":[{"href":"https:\/\/www.europesays.com\/fr\/wp-json\/wp\/v2\/media?parent=651453"}],"wp:term":[{"taxonomy":"category","embeddable":true,"href":"https:\/\/www.europesays.com\/fr\/wp-json\/wp\/v2\/categories?post=651453"},{"taxonomy":"post_tag","embeddable":true,"href":"https:\/\/www.europesays.com\/fr\/wp-json\/wp\/v2\/tags?post=651453"}],"curies":[{"name":"wp","href":"https:\/\/api.w.org\/{rel}","templated":true}]}}