{"id":651455,"date":"2026-01-09T10:27:10","date_gmt":"2026-01-09T10:27:10","guid":{"rendered":"https:\/\/www.europesays.com\/fr\/651455\/"},"modified":"2026-01-09T10:27:10","modified_gmt":"2026-01-09T10:27:10","slug":"anne-lise-barral-rejoint-le-conseil-municipal-de-nice","status":"publish","type":"post","link":"https:\/\/www.europesays.com\/fr\/651455\/","title":{"rendered":"Anne-Lise Barral rejoint le Conseil municipal de Nice"},"content":{"rendered":"<p>                    <img loading=\"lazy\" decoding=\"async\" src=\"https:\/\/www.europesays.com\/fr\/wp-content\/uploads\/2026\/01\/626970aed1a73e66fa2c899970bc40.jpg\" class=\"img-responsive post-image\" width=\"680\" height=\"510\" alt=\"Anne-Lise Barral rejoint\" title=\"Anne-Lise Barral rejoint le Conseil municipal de Nice\"\/><\/p>\n<p class=\"chapo\">Le Conseil municipal de Nice accueille Anne-Lise Barral, entrepreneure ni\u00e7oise engag\u00e9e, profond\u00e9ment attach\u00e9e \u00e0 son territoire et \u00e0 son d\u00e9veloppement \u00e9conomique. Elle succ\u00e8de \u00e0 Aurore Asso, conseill\u00e8re municipale pendant six ans au sein de la majorit\u00e9 municipale, subd\u00e9l\u00e9gu\u00e9e au Littoral, \u00e0 la Mer et \u00e0 l\u2019\u00c9cologie.<\/p>\n<p>Issue d\u2019une ancienne famille ni\u00e7oise, Anne-Lise Barral dirige aujourd\u2019hui BARRAL S.A., maison familiale fond\u00e9e en 1883 dans le quartier du port, sp\u00e9cialis\u00e9e dans les olives et huiles d\u2019olive. Install\u00e9e \u00e0 Carros, au sein de la M\u00e9tropole Nice C\u00f4te d\u2019Azur, l\u2019entreprise rayonne en France comme \u00e0 l\u2019international.<br class=\"texte\"\/><br \/>\n Dipl\u00f4m\u00e9e d\u2019HEC Paris, Anne-Lise Barral a construit un parcours reconnu dans l\u2019industrie agroalimentaire. Elle a su moderniser et d\u00e9velopper l\u2019entreprise familiale en conjuguant innovation, transition num\u00e9rique et exigence de qualit\u00e9, dans une approche durable et responsable de l\u2019\u00e9conomie.<\/p>\n<p>Missions<\/p>\n<p>Au sein du Conseil municipal, aux c\u00f4t\u00e9s de Jacques Richier, elle exercera les fonctions de subd\u00e9l\u00e9gu\u00e9e \u00e0 l\u2019\u00c9conomie et \u00e0 l\u2019Emploi, en charge des Petites et Moyennes entreprises. \u00ab\u00a0 Nice coule dans mes veines. C\u2019est un honneur de pouvoir m\u2019engager concr\u00e8tement au service de ma ville, aux c\u00f4t\u00e9s de notre maire Christian Estrosi, que je remercie pour sa confiance.\u00a0\u00bb a d\u00e9clar\u00e9 Anne-Lise Barral <br class=\"autobr\"\/><br \/>\nSous son impulsion, le projet d\u2019Aire marine prot\u00e9g\u00e9e de Nice a pu \u00eatre conduit dans un cadre exigeant associant les scientifiques, les usagers de la mer, la Ville, la M\u00e9tropole et les services de l\u2019\u00c9tat. Ce travail de fond, men\u00e9 sur plusieurs ann\u00e9es, permet aujourd\u2019hui de faire aboutir de ce projet.<br class=\"autobr\"\/><br \/>\nL\u2019Aire marine prot\u00e9g\u00e9e de Nice entre en effet en phase finale d\u2019instruction par les services de l\u2019\u00c9tat, \u00e0 l\u2019issue d\u2019un processus de concertation approfondi. Il vise l\u2019approbation, d\u2019ici quelques jours, de deux arr\u00eat\u00e9s pr\u00e9fectoraux portant sur environ 50 hectares, autour de deux premiers secteurs pilotes\u00a0: la Promenade des Anglais (Negresco\u2013Magnan) et le Cap de Nice (Pointe des Sans-Culottes).<\/p>\n","protected":false},"excerpt":{"rendered":"Le Conseil municipal de Nice accueille Anne-Lise Barral, entrepreneure ni\u00e7oise engag\u00e9e, profond\u00e9ment attach\u00e9e \u00e0 son territoire et \u00e0&hellip;\n","protected":false},"author":2,"featured_media":651456,"comment_status":"","ping_status":"","sticky":false,"template":"","format":"standard","meta":{"footnotes":""},"categories":[2819],"tags":[1111,11,2408,1777,674,1011,27,12,2401,882,25],"class_list":{"0":"post-651455","1":"post","2":"type-post","3":"status-publish","4":"format-standard","5":"has-post-thumbnail","7":"category-nice","8":"tag-actu","9":"tag-actualites","10":"tag-appels-d","11":"tag-eu","12":"tag-europe","13":"tag-fr","14":"tag-france","15":"tag-news","16":"tag-nice","17":"tag-provence-alpes-cote-dazur","18":"tag-republique-francaise"},"share_on_mastodon":{"url":"https:\/\/pubeurope.com\/@fr\/115864669050790215","error":""},"_links":{"self":[{"href":"https:\/\/www.europesays.com\/fr\/wp-json\/wp\/v2\/posts\/651455","targetHints":{"allow":["GET"]}}],"collection":[{"href":"https:\/\/www.europesays.com\/fr\/wp-json\/wp\/v2\/posts"}],"about":[{"href":"https:\/\/www.europesays.com\/fr\/wp-json\/wp\/v2\/types\/post"}],"author":[{"embeddable":true,"href":"https:\/\/www.europesays.com\/fr\/wp-json\/wp\/v2\/users\/2"}],"replies":[{"embeddable":true,"href":"https:\/\/www.europesays.com\/fr\/wp-json\/wp\/v2\/comments?post=651455"}],"version-history":[{"count":0,"href":"https:\/\/www.europesays.com\/fr\/wp-json\/wp\/v2\/posts\/651455\/revisions"}],"wp:featuredmedia":[{"embeddable":true,"href":"https:\/\/www.europesays.com\/fr\/wp-json\/wp\/v2\/media\/651456"}],"wp:attachment":[{"href":"https:\/\/www.europesays.com\/fr\/wp-json\/wp\/v2\/media?parent=651455"}],"wp:term":[{"taxonomy":"category","embeddable":true,"href":"https:\/\/www.europesays.com\/fr\/wp-json\/wp\/v2\/categories?post=651455"},{"taxonomy":"post_tag","embeddable":true,"href":"https:\/\/www.europesays.com\/fr\/wp-json\/wp\/v2\/tags?post=651455"}],"curies":[{"name":"wp","href":"https:\/\/api.w.org\/{rel}","templated":true}]}}