{"id":651458,"date":"2026-01-09T10:31:27","date_gmt":"2026-01-09T10:31:27","guid":{"rendered":"https:\/\/www.europesays.com\/fr\/651458\/"},"modified":"2026-01-09T10:31:27","modified_gmt":"2026-01-09T10:31:27","slug":"lasse-plus-forte-que-nantes-lenorme-renfort","status":"publish","type":"post","link":"https:\/\/www.europesays.com\/fr\/651458\/","title":{"rendered":"L\u2019ASSE plus forte que Nantes, l&rsquo;\u00e9norme renfort"},"content":{"rendered":"<p><b>L&rsquo;ASSE cherche \u00e0 faire un joli coup pour se renforcer en d\u00e9fense. Cela peut passer par un coup d&rsquo;acc\u00e9l\u00e9rateur dans le dossier Moussa Diarra, que Nantes ne parvient pas \u00e0 faire signer. <\/b><\/p>\n<p>La remont\u00e9e en Ligue 1 est loin d\u2019\u00eatre garantie pour <a href=\"https:\/\/www.foot01.com\/st-etienne\" target=\"_self\" rel=\"noopener\">l\u2019ASSE<\/a>, qui peine \u00e0 convaincre ces derni\u00e8res semaines. Les deux premi\u00e8res places se sont m\u00eame \u00e9loign\u00e9es, en d\u00e9pit du discours souvent rassurant d\u2019Eirik Horneland, persuad\u00e9 que son \u00e9quipe a le niveau et les moyens pour enchainer les victoires et revenir rapidement au sommet.Nantes stagne, l&rsquo;ASSE acc\u00e9l\u00e8rePour cela, les dirigeants st\u00e9phanois envisagent tout de m\u00eame de donner un sacr\u00e9 coup de pouce \u00e0 leur \u00e9quipe. Un coup de pouce, mais aussi un coup de canon puisque Moussa Diarra est dans le viseur des Verts. Un joueur qui \u00e9tait jusqu\u2019\u00e0 pr\u00e9sent suivi par le <a href=\"https:\/\/www.foot01.com\/nantes\" title=\"FC Nantes\" target=\"_blank\" rel=\"noopener\">FC Nantes<\/a>, selon la presse espagnole. Mais les Canaris ne parviennent pas \u00e0 acc\u00e9l\u00e9rer dans le dossier de ce d\u00e9fenseur central de 25 ans. Diarra ne joue quasiment pas avec Alaves, et esp\u00e8re se relancer en France, affirme de son c\u00f4t\u00e9 Africa Foot.<\/p>\n<p>L\u2019ancien joueur de Toulouse plait beaucoup \u00e0 Saint-Etienne, qui estime pouvoir boucler l\u2019op\u00e9ration par le biais d\u2019un pr\u00eat de six mois avec une option d\u2019achat \u00e0 2 ME. Dans les cordes des nouveaux propri\u00e9taires du club du Forez, tr\u00e8s gourmand l\u2019\u00e9t\u00e9 dernier mais qui se veut pour le moment prudent cet hiver. Le joueur serait en tout cas tent\u00e9 par l\u2019id\u00e9e de revenir en France, y compris si cela repr\u00e9sente un passage par la Ligue 2.<\/p>\n<p>Un coup \u00e0 tenter pour le Malien, mais aussi pour l\u2019ASSE, qui prendrait le risque de faire venir un joueur qui n\u2019a plus jou\u00e9 en Liga depuis le mois de septembre, et n\u2019a disput\u00e9 depuis que deux matchs de Coupe du Roi.<\/p>\n<p><img decoding=\"async\" src=\"https:\/\/www.europesays.com\/fr\/wp-content\/uploads\/2026\/01\/22536031.png\" alt=\"M. Diarra\" class=\"w-16 h-16 object-cover rounded-full\"\/><\/p>\n<p>M. Diarra<\/p>\n<p><img decoding=\"async\" src=\"https:\/\/www.europesays.com\/fr\/wp-content\/uploads\/2025\/09\/fr.png\" alt=\"France\" class=\"w-6 h-4 object-cover\"\/>France \u2022 \u00c2ge 25 \u2022 D\u00e9fenseur<\/p>\n","protected":false},"excerpt":{"rendered":"L&rsquo;ASSE cherche \u00e0 faire un joli coup pour se renforcer en d\u00e9fense. Cela peut passer par un coup&hellip;\n","protected":false},"author":2,"featured_media":651459,"comment_status":"","ping_status":"","sticky":false,"template":"","format":"standard","meta":{"footnotes":""},"categories":[2818],"tags":[1111,11,461,8936,1777,674,462,1011,27,1434,766,12,2636,25],"class_list":{"0":"post-651458","1":"post","2":"type-post","3":"status-publish","4":"format-standard","5":"has-post-thumbnail","7":"category-nantes","8":"tag-actu","9":"tag-actualites","10":"tag-asse","11":"tag-breaking-news","12":"tag-eu","13":"tag-europe","14":"tag-fc-nantes","15":"tag-fr","16":"tag-france","17":"tag-mercato","18":"tag-nantes","19":"tag-news","20":"tag-pays-de-la-loire","21":"tag-republique-francaise"},"share_on_mastodon":{"url":"https:\/\/pubeurope.com\/@fr\/115864684792405248","error":""},"_links":{"self":[{"href":"https:\/\/www.europesays.com\/fr\/wp-json\/wp\/v2\/posts\/651458","targetHints":{"allow":["GET"]}}],"collection":[{"href":"https:\/\/www.europesays.com\/fr\/wp-json\/wp\/v2\/posts"}],"about":[{"href":"https:\/\/www.europesays.com\/fr\/wp-json\/wp\/v2\/types\/post"}],"author":[{"embeddable":true,"href":"https:\/\/www.europesays.com\/fr\/wp-json\/wp\/v2\/users\/2"}],"replies":[{"embeddable":true,"href":"https:\/\/www.europesays.com\/fr\/wp-json\/wp\/v2\/comments?post=651458"}],"version-history":[{"count":0,"href":"https:\/\/www.europesays.com\/fr\/wp-json\/wp\/v2\/posts\/651458\/revisions"}],"wp:featuredmedia":[{"embeddable":true,"href":"https:\/\/www.europesays.com\/fr\/wp-json\/wp\/v2\/media\/651459"}],"wp:attachment":[{"href":"https:\/\/www.europesays.com\/fr\/wp-json\/wp\/v2\/media?parent=651458"}],"wp:term":[{"taxonomy":"category","embeddable":true,"href":"https:\/\/www.europesays.com\/fr\/wp-json\/wp\/v2\/categories?post=651458"},{"taxonomy":"post_tag","embeddable":true,"href":"https:\/\/www.europesays.com\/fr\/wp-json\/wp\/v2\/tags?post=651458"}],"curies":[{"name":"wp","href":"https:\/\/api.w.org\/{rel}","templated":true}]}}