{"id":651460,"date":"2026-01-09T10:32:22","date_gmt":"2026-01-09T10:32:22","guid":{"rendered":"https:\/\/www.europesays.com\/fr\/651460\/"},"modified":"2026-01-09T10:32:22","modified_gmt":"2026-01-09T10:32:22","slug":"elle-est-fermee-jusqua-nouvel-ordre","status":"publish","type":"post","link":"https:\/\/www.europesays.com\/fr\/651460\/","title":{"rendered":"elle est ferm\u00e9e jusqu&rsquo;\u00e0 nouvel ordre"},"content":{"rendered":"<p>                    Par<br \/>\n        <strong><br \/>\n            <a href=\"https:\/\/actu.fr\/auteur\/sports33\" title=\"Consulter tous les articles de Nicolas Gosselin\" target=\"_blank\" rel=\"noopener\">Nicolas Gosselin<\/a><br \/>\n                    <\/strong><\/p>\n<p>        Publi\u00e9 le<\/p>\n<p>            8 janv. 2026 \u00e0 17h03        <\/p>\n<p>Le <strong>Fournil de Bordeaux-Lac<\/strong> est ferm\u00e9 jusqu\u2019\u00e0 nouvel ordre. La raison ? Un <a href=\"https:\/\/actu.fr\/tag\/incendie\" target=\"_blank\" rel=\"noopener\">incendie<\/a> a touch\u00e9 plusieurs groupes de froid alimentant les r\u00e9frig\u00e9rateurs de la boulangerie bordelaise, ce mercredi 7 janvier 2026, vers 23 heures.<\/p>\n<p class=\" wall-content\">Le sinistre est <strong>parti d\u2019un feu de benne<\/strong>, d\u2019un poids lourd gar\u00e9 \u00e0 proximit\u00e9, qui s\u2019est propag\u00e9 au commerce. L\u2019incendie a \u00e9t\u00e9 \u00e9teint au moyen d\u2019une lance.<\/p>\n<p class=\" wall-content\"><strong>Sept personnes<\/strong> ont \u00e9t\u00e9 mis <strong>au ch\u00f4mage technique<\/strong> pour une dur\u00e9e ind\u00e9termin\u00e9e, suite \u00e0 ce sinistre.<\/p>\n<p class=\" wall-content\">Personnalisez votre actualit\u00e9 en ajoutant vos villes et m\u00e9dias en favori avec <a href=\"https:\/\/moncompte.actu.fr\" title=\"D\u00e9couvez Mon Actu\" rel=\"nofollow noopener\" data-trk=\"{&quot;cta&quot;:{&quot;action&quot;:&quot;https:\\\/\\\/moncompte.actu.fr&quot;,&quot;category&quot;:&quot;mon compte&quot;,&quot;from&quot;:&quot;article footer&quot;,&quot;name&quot;:&quot;Mon actu&quot;,&quot;type&quot;:&quot;cta&quot;}}\" target=\"_blank\">Mon Actu<\/a>.<\/p>\n","protected":false},"excerpt":{"rendered":"Par Nicolas Gosselin Publi\u00e9 le 8 janv. 2026 \u00e0 17h03 Le Fournil de Bordeaux-Lac est ferm\u00e9 jusqu\u2019\u00e0 nouvel&hellip;\n","protected":false},"author":2,"featured_media":651461,"comment_status":"","ping_status":"","sticky":false,"template":"","format":"standard","meta":{"footnotes":""},"categories":[2817],"tags":[1111,11,1997,1777,674,118,1011,27,1310,12,2219,25],"class_list":{"0":"post-651460","1":"post","2":"type-post","3":"status-publish","4":"format-standard","5":"has-post-thumbnail","7":"category-bordeaux","8":"tag-actu","9":"tag-actualites","10":"tag-bordeaux","11":"tag-eu","12":"tag-europe","13":"tag-faits-divers","14":"tag-fr","15":"tag-france","16":"tag-incendie","17":"tag-news","18":"tag-nouvelle-aquitaine","19":"tag-republique-francaise"},"share_on_mastodon":{"url":"https:\/\/pubeurope.com\/@fr\/115864688645110078","error":""},"_links":{"self":[{"href":"https:\/\/www.europesays.com\/fr\/wp-json\/wp\/v2\/posts\/651460","targetHints":{"allow":["GET"]}}],"collection":[{"href":"https:\/\/www.europesays.com\/fr\/wp-json\/wp\/v2\/posts"}],"about":[{"href":"https:\/\/www.europesays.com\/fr\/wp-json\/wp\/v2\/types\/post"}],"author":[{"embeddable":true,"href":"https:\/\/www.europesays.com\/fr\/wp-json\/wp\/v2\/users\/2"}],"replies":[{"embeddable":true,"href":"https:\/\/www.europesays.com\/fr\/wp-json\/wp\/v2\/comments?post=651460"}],"version-history":[{"count":0,"href":"https:\/\/www.europesays.com\/fr\/wp-json\/wp\/v2\/posts\/651460\/revisions"}],"wp:featuredmedia":[{"embeddable":true,"href":"https:\/\/www.europesays.com\/fr\/wp-json\/wp\/v2\/media\/651461"}],"wp:attachment":[{"href":"https:\/\/www.europesays.com\/fr\/wp-json\/wp\/v2\/media?parent=651460"}],"wp:term":[{"taxonomy":"category","embeddable":true,"href":"https:\/\/www.europesays.com\/fr\/wp-json\/wp\/v2\/categories?post=651460"},{"taxonomy":"post_tag","embeddable":true,"href":"https:\/\/www.europesays.com\/fr\/wp-json\/wp\/v2\/tags?post=651460"}],"curies":[{"name":"wp","href":"https:\/\/api.w.org\/{rel}","templated":true}]}}