{"id":651468,"date":"2026-01-09T10:36:13","date_gmt":"2026-01-09T10:36:13","guid":{"rendered":"https:\/\/www.europesays.com\/fr\/651468\/"},"modified":"2026-01-09T10:36:13","modified_gmt":"2026-01-09T10:36:13","slug":"record-de-frequentation-au-musee-actualites","status":"publish","type":"post","link":"https:\/\/www.europesays.com\/fr\/651468\/","title":{"rendered":"Record de fr\u00e9quentation au mus\u00e9e \/ Actualit\u00e9s"},"content":{"rendered":"<p>En 2025, le Palais des Beaux-Arts de Lille\u00a0a r\u00e9alis\u00e9 sa meilleure ann\u00e9e,\u00a0en termes de fr\u00e9quentation,\u00a0depuis 2004.<\/p>\n<p>            <img loading=\"lazy\" decoding=\"async\" src=\"\/var\/www\/storage\/images\/mediatheque\/mairie-de-lille\/actualites\/images\/2026\/janvier-2026\/pba\/3918037-1-fre-FR\/pba_news_image_top.jpg\" width=\"779\" height=\"519\" alt=\"Nuit d'Halloween au Palais des Beaux-Arts\"\/><br \/>\n    \tNuit d&rsquo;Halloween au Palais des Beaux-Arts<\/p>\n<p>Ann\u00e9e exceptionnelle pour le <a href=\"https:\/\/pba.lille.fr\/\" target=\"_self\" class=\"lien_interne\" rel=\"noopener\">Palais des Beaux-Arts<\/a> de Lille qui a accueilli <strong>403 000 visiteurs et visiteuses en 2025<\/strong>, dont 25% de public \u00e9tranger. Le mus\u00e9e a r\u00e9alis\u00e9 ainsi sa meilleure ann\u00e9e en termes de fr\u00e9quentation depuis 2004.<\/p>\n<p>L&rsquo;ann\u00e9e \u00e9coul\u00e9e a \u00e9t\u00e9 rythm\u00e9e par trois expositions pr\u00e9sent\u00e9es dans le cadre de Fiesta, 7e \u00e9dition de lille3000 : \u00ab <strong>\u00c9clats en \u00c9chos<\/strong> \u00bb, compos\u00e9e de trois \u0153uvres monumentales saisissantes cr\u00e9es sp\u00e9cialement pour le mus\u00e9e par l&rsquo;artiste international Felice Varini (\u00e0 d\u00e9couvrir jusqu&rsquo;au 30 juin prochain), puis l\u2019exposition \u00e9v\u00e9nement \u00ab <strong>F\u00eates et c\u00e9l\u00e9brations flamandes &#8211; Brueghel, Rubens, Jordaens\u2026\u00a0<\/strong>\u00bb, premi\u00e8re \u00e0 avoir abord\u00e9 ce th\u00e8me sous l\u2019angle in\u00e9dit de leur contexte historique et de leur diversit\u00e9. Un grand succ\u00e8s pour l&rsquo;art flamand, fruit d\u2019un partenariat exceptionnel entre le Palais des Beaux-Arts de Lille, les mus\u00e9es royaux des Beaux-Arts de Belgique et le Mus\u00e9e du Louvre et pl\u00e9biscit\u00e9 par plus de 80 000 personnes.<\/p>\n<p>Plong\u00e9e dans notre patrimoine enfin \u00e0 l\u2019automne, avec l&rsquo;exposition \u00ab <strong>Petite histoire de g\u00e9ants<\/strong> \u00bb, qui c\u00e9l\u00e8bre les 20 ans de leur reconnaissance au patrimoine culturel immat\u00e9riel de l&rsquo;humanit\u00e9 par l&rsquo;Unesco \u00e0 travers des \u0153uvres du mus\u00e9e de l\u2019Hospice Comtesse et du dessinateur Fran\u00e7ois Boucq (\u00e0 voir jusqu&rsquo;au 2 mars prochain).<\/p>\n<p>Parmi les temps forts de la programmation du PBA \u00e0 retenir en 2025, une Nuit europ\u00e9enne des Mus\u00e9es plac\u00e9e sous le signe des f\u00eates flamandes, un banquet flamand, des Journ\u00e9es europ\u00e9ennes du Patrimoine au rythme des d\u00e9ambulations de g\u00e9ants et une \u00ab Nuit terrible d&rsquo;Halloween \u00bb.<\/p>\n<p>Tr\u00e8s belle ann\u00e9e \u00e9galement au Mus\u00e9e de l&rsquo;Hospice Comtesse<\/p>\n<p>L&rsquo;ann\u00e9e 2025 a \u00e9t\u00e9 marqu\u00e9e, pour le <a href=\"https:\/\/mhc.lille.fr\/\" target=\"_self\" class=\"lien_interne\" rel=\"noopener\">Mus\u00e9e de l&rsquo;Hospice Comtesse<\/a>, par une tr\u00e8s belle fr\u00e9quentation totale d&rsquo;<strong>un peu plus de 130 000 visiteurs<\/strong>.<\/p>\n<p>Ce fut d&rsquo;abord la fin de l&rsquo;exposition \u00ab\u00a0<strong>Chambre 207<\/strong>\u00ab\u00a0, pr\u00e9sent\u00e9e du 16 octobre 2024 au 2 f\u00e9vrier 2025 en coproduction avec l\u2019Institut pour la photographie de Lille et qui a accueilli 31 150 visiteurs et visiteuses, curieux de d\u00e9couvrir le travail du photographe Jean-Michel Andr\u00e9, ainsi que le mus\u00e9e. Puis l&rsquo;exposition \u00ab\u00a0The Distorted Party\u00a0\u00bb, dans le cadre de la saison \u00ab\u00a0FIESTA\u00a0\u00bb de lille3000, qui s&rsquo;est install\u00e9e pendant plus de huit mois dans les lieux, attirant 86 147 visiteurs et visiteuses \u00e0 repenser la f\u00eate et la convivialit\u00e9 \u00e0 l&rsquo;aune des d\u00e9fis contemporains. Parmi eux, 27 237 se sont pr\u00e9sent\u00e9s dans le cadre du parcours en ville dans lequel \u00e9tait inscrite l&rsquo;\u0153uvre de \u00ab\u00a0The Dancing Plague\u00a0\u00bb de Willehad Eilers, pr\u00e9sent\u00e9e dans la cour d&rsquo;honneur du mus\u00e9e.<\/p>\n<p>            Lire aussi<\/p>\n<p>            <img loading=\"lazy\" decoding=\"async\" src=\"\/var\/www\/storage\/images\/mediatheque\/mairie-de-lille\/actualites\/objets-multimedia\/galeries-d-images\/2023\/series-mania-temps-forts-editions\/series-mania-daphne-burki\/3235871-2-fre-FR\/Series-mania-Daphne-Burki_crossreading.jpg\" width=\"95\" height=\"95\" alt=\"\"\/>           <\/p>\n<p>        <a href=\"https:\/\/www.lille.fr\/Actualites\/Festival-Series-Mania-2026\" class=\"actuTitle\" title=\"Festival S\u00e9ries Mania 2026\" target=\"_blank\" rel=\"noopener\">Festival S\u00e9ries Mania 2026<\/a>Culture<\/p>\n<p>\nLe festival S\u00e9ries Mania, 9e \u00e9dition, c&rsquo;est \u00e0 Lille du 20 au 27 mars 2026. C&rsquo;est ici que commencent les s\u00e9ries !\n<\/p>\n<p>        <a href=\"https:\/\/www.lille.fr\/Actualites\/Festival-Series-Mania-2026\" class=\"voirActus\" target=\"_blank\" rel=\"noopener\">Voir<\/a><\/p>\n<p>            <img loading=\"lazy\" decoding=\"async\" src=\"\/var\/www\/storage\/images\/mediatheque\/mairie-de-lille\/actualites\/images\/2023\/janvier-2023\/hipopendance\/3199821-2-fre-FR\/hipopendance_crossreading.jpg\" width=\"95\" height=\"95\" alt=\"\"\/>           <\/p>\n<p>        <a href=\"https:\/\/www.lille.fr\/Actualites\/Hip-Open-Dance-2026\" class=\"actuTitle\" title=\"Hip Open Dance 2026\" target=\"_blank\" rel=\"noopener\">Hip Open Dance 2026<\/a>Culture<\/p>\n<p>\nLe festival Hip Open Dance revient \u00e0 Lille du 22 janvier au 9 f\u00e9vrier 2026 avec spectacles, battles, expo ou encore ateliers au programme.\n<\/p>\n<p>        <a href=\"https:\/\/www.lille.fr\/Actualites\/Hip-Open-Dance-2026\" class=\"voirActus\" target=\"_blank\" rel=\"noopener\">Voir<\/a><\/p>\n<p>            <img loading=\"lazy\" decoding=\"async\" src=\"\/var\/www\/storage\/images\/mediatheque\/mairie-de-lille\/actualites\/images\/2025\/decembre-2025\/rue-molinel\/3912141-1-fre-FR\/rue-Molinel_crossreading.jpg\" width=\"95\" height=\"95\" alt=\"\"\/>           <\/p>\n<p>        <a href=\"https:\/\/www.lille.fr\/Actualites\/La-belle-Molinel\" class=\"actuTitle\" title=\"La belle Molinel !\" target=\"_blank\" rel=\"noopener\">La belle Molinel !<\/a>Culture<\/p>\n<p>\nElle figure dans le p\u00e9rim\u00e8tre du Site Patrimonial Remarquable de Lille.\u00a0Et si vous observiez la rue du Molinel de fa\u00e7on diff\u00e9rente\u00a0?\u00a0\u00a0\n<\/p>\n<p>        <a href=\"https:\/\/www.lille.fr\/Actualites\/La-belle-Molinel\" class=\"voirActus\" target=\"_blank\" rel=\"noopener\">Voir<\/a><\/p>\n","protected":false},"excerpt":{"rendered":"En 2025, le Palais des Beaux-Arts de Lille\u00a0a r\u00e9alis\u00e9 sa meilleure ann\u00e9e,\u00a0en termes de fr\u00e9quentation,\u00a0depuis 2004. Nuit d&rsquo;Halloween&hellip;\n","protected":false},"author":2,"featured_media":651469,"comment_status":"","ping_status":"","sticky":false,"template":"","format":"standard","meta":{"footnotes":""},"categories":[2815],"tags":[1111,11,4763,1777,674,1011,27,811,1307,5415,12,25],"class_list":{"0":"post-651468","1":"post","2":"type-post","3":"status-publish","4":"format-standard","5":"has-post-thumbnail","7":"category-lille","8":"tag-actu","9":"tag-actualites","10":"tag-agenda","11":"tag-eu","12":"tag-europe","13":"tag-fr","14":"tag-france","15":"tag-hauts-de-france","16":"tag-lille","17":"tag-mairie","18":"tag-news","19":"tag-republique-francaise"},"share_on_mastodon":{"url":"https:\/\/pubeurope.com\/@fr\/115864704614590740","error":""},"_links":{"self":[{"href":"https:\/\/www.europesays.com\/fr\/wp-json\/wp\/v2\/posts\/651468","targetHints":{"allow":["GET"]}}],"collection":[{"href":"https:\/\/www.europesays.com\/fr\/wp-json\/wp\/v2\/posts"}],"about":[{"href":"https:\/\/www.europesays.com\/fr\/wp-json\/wp\/v2\/types\/post"}],"author":[{"embeddable":true,"href":"https:\/\/www.europesays.com\/fr\/wp-json\/wp\/v2\/users\/2"}],"replies":[{"embeddable":true,"href":"https:\/\/www.europesays.com\/fr\/wp-json\/wp\/v2\/comments?post=651468"}],"version-history":[{"count":0,"href":"https:\/\/www.europesays.com\/fr\/wp-json\/wp\/v2\/posts\/651468\/revisions"}],"wp:featuredmedia":[{"embeddable":true,"href":"https:\/\/www.europesays.com\/fr\/wp-json\/wp\/v2\/media\/651469"}],"wp:attachment":[{"href":"https:\/\/www.europesays.com\/fr\/wp-json\/wp\/v2\/media?parent=651468"}],"wp:term":[{"taxonomy":"category","embeddable":true,"href":"https:\/\/www.europesays.com\/fr\/wp-json\/wp\/v2\/categories?post=651468"},{"taxonomy":"post_tag","embeddable":true,"href":"https:\/\/www.europesays.com\/fr\/wp-json\/wp\/v2\/tags?post=651468"}],"curies":[{"name":"wp","href":"https:\/\/api.w.org\/{rel}","templated":true}]}}