{"id":651470,"date":"2026-01-09T10:37:22","date_gmt":"2026-01-09T10:37:22","guid":{"rendered":"https:\/\/www.europesays.com\/fr\/651470\/"},"modified":"2026-01-09T10:37:22","modified_gmt":"2026-01-09T10:37:22","slug":"accidents-rafales-captees-a-121-km-h-le-point-dans-le-nord-pas-de-calais","status":"publish","type":"post","link":"https:\/\/www.europesays.com\/fr\/651470\/","title":{"rendered":"accidents, rafales capt\u00e9es \u00e0 121 km\/h&#8230; Le point dans le Nord-Pas-de-Calais"},"content":{"rendered":"<p>                    Par<br \/>\n        <strong><br \/>\n            <a href=\"https:\/\/actu.fr\/auteur\/margot-nicodeme\" title=\"Consulter tous les articles de Margot Nicod\u00e8me\" target=\"_blank\" rel=\"noopener\">Margot Nicod\u00e8me<\/a><br \/>\n                    <\/strong><\/p>\n<p>        Publi\u00e9 le<\/p>\n<p>            9 janv. 2026 \u00e0 7h39<br \/>\n        ; mis \u00e0 jour le 9 janv. 2026 \u00e0 9h26    <\/p>\n<p>La <b>temp\u00eate Goretti<\/b> <b>s\u2019est abattue sur le Nord et le Pas-de-Calais<\/b> dans la nuit du jeudi 8 au vendredi 9 janvier 2026, comme l\u2019avait annonc\u00e9 M\u00e9t\u00e9o France. Les deux d\u00e9partements <a href=\"https:\/\/actu.fr\/societe\/tempete-goretti-des-rafales-entre-105-et-115-km-h-le-nord-et-le-pas-de-calais-en-vigilance-orange_63668610.html\" target=\"_blank\" rel=\"noopener\">\u00e9taient plac\u00e9s en vigilance orange de 00h \u00e0 8h<\/a>, avec des rafales atteignant les 105 km\/h en agglom\u00e9ration, comme \u00e0 <a href=\"https:\/\/actu.fr\/hauts-de-france\/lille_59350\" target=\"_blank\" rel=\"noopener\">Lille<\/a> ou \u00e0 <a href=\"https:\/\/actu.fr\/hauts-de-france\/lens_62498\" target=\"_blank\" rel=\"noopener\">Lens<\/a>, et les 115 km\/h sur les c\u00f4tes de la Manche (\u00e0 Boulogne-sur-Mer, Wissant).\u00a0<\/p>\n<p class=\" wall-content\">Les TER \u00e0 l\u2019arr\u00eat toute la journ\u00e9e, interventions des pompiers, pics relev\u00e9s localement\u2026 <b>Le point sur<\/b> <b>la situation dans les d\u00e9partements<\/b>, ce vendredi matin.\u00a0<\/p>\n<ul class=\" wall-content\">\n<li><b>Le D\u00e9partement du Nord a ferm\u00e9 ses espaces naturels et appelle \u00e0 la prudence sur les routes<\/b><\/li>\n<\/ul>\n<p data-olk-copy-source=\"MessageBody\" class=\" wall-content\">Les espaces naturels du Nord sont ferm\u00e9s ce vendredi. Si les routes d\u00e9partementales restent ouvertes, la collectivit\u00e9 \u00ab\u00a0appelle \u00e0 la plus grande prudence notamment <b>en raison du risque de chutes d\u2019objets ou d\u2019arbres occasionn\u00e9es par les vents<\/b>\u00a0et en raison des routes encore enneig\u00e9es ou glissantes\u00a0\u00bb.<\/p>\n<ul class=\" wall-content\">\n<li data-olk-copy-source=\"MessageBody\"><b>\u00c0 <a href=\"https:\/\/actu.fr\/hauts-de-france\/lille_59350\" target=\"_blank\" rel=\"noopener\">Lille<\/a>, comme dans d\u2019autres municipalit\u00e9s, les parcs et cimeti\u00e8res resteront ferm\u00e9s<\/b><\/li>\n<\/ul>\n<p class=\" wall-content\">La Ville de Lille, comme de nombreuses autres municipalit\u00e9s ont d\u00e9cid\u00e9 de ne pas ouvrir les parcs et jardins ainsi que les cimeti\u00e8res, les aires de jeux pour assurer la s\u00e9curit\u00e9 des usagers.<b\/><\/p>\n<ul class=\" wall-content\">\n<li><b>Promenades en for\u00eat vivement d\u00e9conseill\u00e9es<\/b><\/li>\n<\/ul>\n<p>Votre r\u00e9gion, votre actu !<\/p>\n<p>Recevez chaque jour les infos qui comptent pour vous.<\/p>\n<p>\t<a href=\"https:\/\/actu.fr\/newsletter\" class=\"ac-btn ac-btn--corner ac-btn--medium ac-btn--blue800\" target=\"_blank\" rel=\"noopener\">S&rsquo;incrire<\/a><\/p>\n<p class=\" wall-content\">L\u2019Office national des for\u00eats (ONF), dans un communiqu\u00e9 publi\u00e9 jeudi, d\u00e9conseille au public d\u2019aller en for\u00eat \u00ab\u00a0ces jours-ci et les suivants, compte tenu des risques de chute de branches et d\u2019arbres\u00a0\u00bb.<\/p>\n<ul class=\" wall-content\">\n<li><b>L\u2019op\u00e9rateur Orange collecte les rapports d\u2019incidents sur son r\u00e9seau<\/b><\/li>\n<\/ul>\n<p class=\" wall-content\">Si vous rencontrez des probl\u00e8mes li\u00e9s \u00e0 votre abonnement Orange, il convient de rapporter le dommage en ligne :<\/p>\n<p class=\" wall-content\">\n<ul class=\" wall-content\">\n<li><a href=\"https:\/\/actu.fr\/societe\/tempete-goretti-la-circulation-des-ter-momentanement-interrompue-dans-les-hauts-de-france-vendredi_63666648.html\" target=\"_blank\" rel=\"noopener\">La circulation des TER interrompue dans les Hauts-de-France vendredi<\/a><\/li>\n<\/ul>\n<p class=\" wall-content\">La SNCF a annonc\u00e9 d\u00e8s mercredi soir qu<b>\u2018aucun TER ne circulerait ce vendredi<\/b>, pour assurer le s\u00e9curit\u00e9 de tous et \u00e9viter au maximum la casse mat\u00e9rielle sur son r\u00e9seau. Si le trafic \u00e9tait interrompu jusqu\u2019\u00e0 14h initialement,<b> il l\u2019est en fait toute la journ\u00e9e<\/b>. Attention, <b>une partie des TGV vont \u00eatre annul\u00e9s<\/b> ce vendredi en raison des conditions m\u00e9t\u00e9o.\u00a0<\/p>\n<p class=\" wall-content\">https:\/\/x.com\/TERHDF\/status\/2009218594727710733\/photo\/1<\/p>\n<p class=\" wall-content\">La pr\u00e9fecture du Pas-de-Calais a r\u00e9alis\u00e9 un premier point de situation ce matin \u00e0 6h30. La temp\u00eate Goretti s\u00e9vit depuis 2h : 6 accidents sans gravit\u00e9, 2 bless\u00e9s l\u00e9gers, 2 sinistr\u00e9s relog\u00e9s, 1500 foyers priv\u00e9s d\u2019\u00e9lectricit\u00e9 et 43 arbres g\u00eanant la circulation sont \u00e0 d\u00e9plorer. \u00ab\u00a0Le centre op\u00e9rationnel d\u00e9partemental est toujours actif. Les forces de s\u00e9curit\u00e9 et de secours continuent d\u2019\u00eatre pleinement mobilis\u00e9es avec un dispositif renforc\u00e9\u00a0\u00bb, d\u00e9taille la pr\u00e9fecture.\u00a0<\/p>\n<p>    <a href=\"https:\/\/www.facebook.com\/plugins\/post.php?href=https%3A%2F%2Fwww.facebook.com%2FChrisMeteoNordPasdeCalais%2Fposts%2Fpfbid0dsGRHkXQNKtiBBu13Ma4BKZXP4chwag9QXyhR18ZKVyHWcacsTEk6zLUcwtGXmdWl&amp;show_text=true&amp;width=350\" title=\"Ouvrie le lien\" target=\"_blank\" rel=\"noopener\">Cliquez ici pour visualiser le contenu<\/a><\/p>\n<p class=\" wall-content\">Les vents violent s\u2019intensifient depuis 5h30 du matin avec <b>121 km\/h capt\u00e9s \u00e0 Radinghem<\/b>, 118 km\/h \u00e0 Lillers, 116 km\/h \u00e0 Boulogne-sur-Mer ou encore 93 km\/h \u00e0 Lille. Les rafales ont fait tomber des arbres sur la route, certaines sont barr\u00e9es comme la route de Wingles \u00e0 Douvrin ou la D939 entre Tincques et Aubigny-en-Artois.\u00a0<\/p>\n<p class=\" wall-content\">\n<p class=\" wall-content\">Selon M\u00e9t\u00e9o France, les deux d\u00e9partements, le Nord et le Pas-de-Calais, sont repass\u00e9s en vigilance jaune vent depuis 8h ce matin.\u00a0<\/p>\n<p class=\" wall-content\">La pr\u00e9fecture du Pas-de-Calais a publi\u00e9 un nouveau point de situation \u00e0 9h. Au total, 11 accidents mat\u00e9riels sans gravit\u00e9 ont eu lieu, 3 bless\u00e9s l\u00e9gers sont \u00e0 d\u00e9plorer, 2 sinistr\u00e9s ont \u00e9t\u00e9 relog\u00e9s et 1500 foyers sont encore priv\u00e9s d\u2019\u00e9lectricit\u00e9.\u00a0<\/p>\n<p class=\" wall-content\">Personnalisez votre actualit\u00e9 en ajoutant vos villes et m\u00e9dias en favori avec <a href=\"https:\/\/moncompte.actu.fr\" title=\"D\u00e9couvez Mon Actu\" rel=\"nofollow noopener\" data-trk=\"{&quot;cta&quot;:{&quot;action&quot;:&quot;https:\\\/\\\/moncompte.actu.fr&quot;,&quot;category&quot;:&quot;mon compte&quot;,&quot;from&quot;:&quot;article footer&quot;,&quot;name&quot;:&quot;Mon actu&quot;,&quot;type&quot;:&quot;cta&quot;}}\" target=\"_blank\">Mon Actu<\/a>.<\/p>\n","protected":false},"excerpt":{"rendered":"Par Margot Nicod\u00e8me Publi\u00e9 le 9 janv. 2026 \u00e0 7h39 ; mis \u00e0 jour le 9 janv. 2026&hellip;\n","protected":false},"author":2,"featured_media":651471,"comment_status":"","ping_status":"","sticky":false,"template":"","format":"standard","meta":{"footnotes":""},"categories":[2815],"tags":[1111,11,1777,674,1011,27,811,1307,12,25,104,75296],"class_list":{"0":"post-651470","1":"post","2":"type-post","3":"status-publish","4":"format-standard","5":"has-post-thumbnail","7":"category-lille","8":"tag-actu","9":"tag-actualites","10":"tag-eu","11":"tag-europe","12":"tag-fr","13":"tag-france","14":"tag-hauts-de-france","15":"tag-lille","16":"tag-news","17":"tag-republique-francaise","18":"tag-societe","19":"tag-tempete-goretti"},"share_on_mastodon":{"url":"https:\/\/pubeurope.com\/@fr\/115864708420397819","error":""},"_links":{"self":[{"href":"https:\/\/www.europesays.com\/fr\/wp-json\/wp\/v2\/posts\/651470","targetHints":{"allow":["GET"]}}],"collection":[{"href":"https:\/\/www.europesays.com\/fr\/wp-json\/wp\/v2\/posts"}],"about":[{"href":"https:\/\/www.europesays.com\/fr\/wp-json\/wp\/v2\/types\/post"}],"author":[{"embeddable":true,"href":"https:\/\/www.europesays.com\/fr\/wp-json\/wp\/v2\/users\/2"}],"replies":[{"embeddable":true,"href":"https:\/\/www.europesays.com\/fr\/wp-json\/wp\/v2\/comments?post=651470"}],"version-history":[{"count":0,"href":"https:\/\/www.europesays.com\/fr\/wp-json\/wp\/v2\/posts\/651470\/revisions"}],"wp:featuredmedia":[{"embeddable":true,"href":"https:\/\/www.europesays.com\/fr\/wp-json\/wp\/v2\/media\/651471"}],"wp:attachment":[{"href":"https:\/\/www.europesays.com\/fr\/wp-json\/wp\/v2\/media?parent=651470"}],"wp:term":[{"taxonomy":"category","embeddable":true,"href":"https:\/\/www.europesays.com\/fr\/wp-json\/wp\/v2\/categories?post=651470"},{"taxonomy":"post_tag","embeddable":true,"href":"https:\/\/www.europesays.com\/fr\/wp-json\/wp\/v2\/tags?post=651470"}],"curies":[{"name":"wp","href":"https:\/\/api.w.org\/{rel}","templated":true}]}}