{"id":651472,"date":"2026-01-09T10:38:10","date_gmt":"2026-01-09T10:38:10","guid":{"rendered":"https:\/\/www.europesays.com\/fr\/651472\/"},"modified":"2026-01-09T10:38:10","modified_gmt":"2026-01-09T10:38:10","slug":"apres-le-vol-de-sa-voiture-a-marseille-une-automobiliste-decouvre-une-arme-a-la-place-de-sa-roue-de-secours","status":"publish","type":"post","link":"https:\/\/www.europesays.com\/fr\/651472\/","title":{"rendered":"Apr\u00e8s le vol de sa voiture \u00e0 Marseille, une automobiliste d\u00e9couvre une arme \u00e0 la place de sa roue de secours"},"content":{"rendered":"<p>C&rsquo;est un mod\u00e8le qui figure toujours en bonne place dans les palmar\u00e8s des v\u00e9hicules les plus vol\u00e9s en France. <strong>Le Peugeot 5008<\/strong> est aussi fr\u00e9quemment utilis\u00e9 par des \u00e9quipes de malfaiteurs, notamment lors des r\u00e8glements de compte \u00e0 <a href=\"https:\/\/www.laprovence.com\/bouches-du-rhone\/marseille-13055\" target=\"_blank\" rel=\"noopener\">Marseille<\/a> de ces derni\u00e8res semaines, finissant lin\u00e9airement incendi\u00e9s dans des art\u00e8res discr\u00e8tes des quartiers Nord, le corps d&rsquo;une victime encore parfois \u00e0 l&rsquo;int\u00e9rieur.<\/p>\n<p>Mais ce soir du <strong>7 janvier 2026<\/strong>, le fameux SUV Peugeot r\u00e9servait une autre surprise \u00e0 sa propri\u00e9taire, dans le 15e arrondissement de <a href=\"https:\/\/www.laprovence.com\/bouches-du-rhone\/marseille-13055\" target=\"_blank\" rel=\"noopener\">Marseille<\/a>. Le v\u00e9hicule lui avait \u00e9t\u00e9 vol\u00e9 au cours de l&rsquo;\u00e9t\u00e9. Mais il avait \u00e9t\u00e9 retrouv\u00e9 peu \u00a0apr\u00e8s et finalement r\u00e9cup\u00e9r\u00e9 dans un garage du 12e arrondissement par la victime du vol, dans la foul\u00e9e.<\/p>\n<p>Un revolver approvisionn\u00e9 \u00e0 la place de la roue<\/p>\n<p>La jeune femme pensait la m\u00e9saventure derri\u00e8re elle, mais ce soir de janvier, dans le quartier de Saint-Louis, dans le 15e arrondissement, alors qu&rsquo;elle acc\u00e9dait \u00e0 la roue de secours, l&rsquo;automobiliste a d\u00e9couvert <strong>une arme encore cach\u00e9e<\/strong> dans le compartiment r\u00e9serv\u00e9. Les services de police ont aussit\u00f4t \u00e9t\u00e9 pr\u00e9venus et l&rsquo;arme, un r\u00e9volver emball\u00e9 dans du plastique et dont le barillet \u00e9tait approvisionn\u00e9 de cinq cartouches, a \u00e9t\u00e9 plac\u00e9 sous scell\u00e9. Une enqu\u00eate a \u00e9t\u00e9 ouverte pour tenter de remonter \u00e0 ses \u00ab\u00a0propri\u00e9taires\u00a0\u00bb.<\/p>\n","protected":false},"excerpt":{"rendered":"C&rsquo;est un mod\u00e8le qui figure toujours en bonne place dans les palmar\u00e8s des v\u00e9hicules les plus vol\u00e9s en&hellip;\n","protected":false},"author":2,"featured_media":651473,"comment_status":"","ping_status":"","sticky":false,"template":"","format":"standard","meta":{"footnotes":""},"categories":[2814],"tags":[5734,1111,11,150,15738,4105,1777,674,274,1011,27,884,12,882,25,96,4752,1175],"class_list":{"0":"post-651472","1":"post","2":"type-post","3":"status-publish","4":"format-standard","5":"has-post-thumbnail","7":"category-marseille","8":"tag-5734","9":"tag-actu","10":"tag-actualites","11":"tag-apres","12":"tag-automobiliste","13":"tag-decouvre","14":"tag-eu","15":"tag-europe","16":"tag-faits-divers-justice","17":"tag-fr","18":"tag-france","19":"tag-marseille","20":"tag-news","21":"tag-provence-alpes-cote-dazur","22":"tag-republique-francaise","23":"tag-une","24":"tag-voiture","25":"tag-vol"},"share_on_mastodon":{"url":"https:\/\/pubeurope.com\/@fr\/115864712297941195","error":""},"_links":{"self":[{"href":"https:\/\/www.europesays.com\/fr\/wp-json\/wp\/v2\/posts\/651472","targetHints":{"allow":["GET"]}}],"collection":[{"href":"https:\/\/www.europesays.com\/fr\/wp-json\/wp\/v2\/posts"}],"about":[{"href":"https:\/\/www.europesays.com\/fr\/wp-json\/wp\/v2\/types\/post"}],"author":[{"embeddable":true,"href":"https:\/\/www.europesays.com\/fr\/wp-json\/wp\/v2\/users\/2"}],"replies":[{"embeddable":true,"href":"https:\/\/www.europesays.com\/fr\/wp-json\/wp\/v2\/comments?post=651472"}],"version-history":[{"count":0,"href":"https:\/\/www.europesays.com\/fr\/wp-json\/wp\/v2\/posts\/651472\/revisions"}],"wp:featuredmedia":[{"embeddable":true,"href":"https:\/\/www.europesays.com\/fr\/wp-json\/wp\/v2\/media\/651473"}],"wp:attachment":[{"href":"https:\/\/www.europesays.com\/fr\/wp-json\/wp\/v2\/media?parent=651472"}],"wp:term":[{"taxonomy":"category","embeddable":true,"href":"https:\/\/www.europesays.com\/fr\/wp-json\/wp\/v2\/categories?post=651472"},{"taxonomy":"post_tag","embeddable":true,"href":"https:\/\/www.europesays.com\/fr\/wp-json\/wp\/v2\/tags?post=651472"}],"curies":[{"name":"wp","href":"https:\/\/api.w.org\/{rel}","templated":true}]}}