{"id":651477,"date":"2026-01-09T10:40:17","date_gmt":"2026-01-09T10:40:17","guid":{"rendered":"https:\/\/www.europesays.com\/fr\/651477\/"},"modified":"2026-01-09T10:40:17","modified_gmt":"2026-01-09T10:40:17","slug":"cafe-mio-un-nouveau-lieu-au-concept-inedit-imagine-par-deux-lyonnaises","status":"publish","type":"post","link":"https:\/\/www.europesays.com\/fr\/651477\/","title":{"rendered":"Caf\u00e9 Mio, un nouveau lieu au concept in\u00e9dit imagin\u00e9 par deux Lyonnaises"},"content":{"rendered":"<p itemprop=\"description\"><strong>Ouvert depuis d\u00e9but d\u00e9cembre, Caf\u00e9 Mio propose de vivre une exp\u00e9rience pas comme les autres.<\/strong><\/p>\n<p>Un nouveau concept in\u00e9dit \u00e0 Lyon : \u00e9crire une lettre pour soi ou pour un proche qui sera envoy\u00e9e dans un an ou plus. En se promenant le long des quais de Sa\u00f4ne, cette adresse originale a attir\u00e9 notre attention : Caf\u00e9 Mio. Ici, l\u2019exp\u00e9rience invite \u00e0 l\u2019introspection. On peut venir boire seulement un caf\u00e9, ou r\u00e9diger une lettre qui sera envoy\u00e9e \u00e0 une date choisie entre 2026 et 2028. C\u2019est le projet de <strong>Sonia<\/strong> et <strong>M\u00e9lanie<\/strong>, deux amies qui r\u00eavaient d\u2019ouvrir un caf\u00e9 m\u00ealant leur passion pour la culture et l\u2019art.<\/p>\n<p>Pour 15 euros, le forfait comprend le choix d\u2019une carte parmi une s\u00e9lection d\u2019une dizaine de mod\u00e8les illustr\u00e9es par de jeunes artistes, une enveloppe color\u00e9e, un sticker, ainsi qu\u2019une boisson. Une fois la s\u00e9lection faite, les clients s\u2019installent \u00e0 l\u2019\u00e9tage pour \u00e9crire leur lettre, dans un espace \u00e0 l\u2019atmosph\u00e8re intimiste. L\u2019ensemble du mobilier, chin\u00e9 en brocante et dans des boutiques de seconde main, donne au lieu une identit\u00e9 chaleureuse et authentique.<\/p>\n<p><img loading=\"lazy\" decoding=\"async\" style=\"display: block; margin-left: auto; margin-right: auto;\" src=\"https:\/\/www.europesays.com\/fr\/wp-content\/uploads\/2026\/01\/cafe-mio2-32915.jpg\" alt=\"\" width=\"400\" height=\"533\"\/><\/p>\n<p>De notre c\u00f4t\u00e9, nous avons choisi de s\u2019\u00e9crire une lettre pour d\u00e9cembre 2026, histoire de faire le point sur l\u2019ann\u00e9e pass\u00e9e et se souhaiter du bonheur pour la suite. Apr\u00e8s avoir rempli notre carte, on passe \u00e0 la derni\u00e8re \u00e9tape symbolique : sceller la lettre \u00e0 l\u2019aide d\u2019un cachet de cire, puis la d\u00e9poser dans la case correspondant \u00e0 sa date d\u2019envoi ! \u00a0<\/p>\n<p>Caf\u00e9 Mio est le deuxi\u00e8me caf\u00e9 \u00e0 lettres de France. Le concept, originaire de Cor\u00e9e du Sud, avait d\u00e9j\u00e0 \u00e9t\u00e9 bri\u00e8vement mis en lumi\u00e8re \u00e0 Lyon lors du pop-up H\u00f4tel Mahfouf x Tinder, port\u00e9 par L\u00e9na Situations.<\/p>\n<p><img loading=\"lazy\" decoding=\"async\" style=\"display: block; margin-left: auto; margin-right: auto;\" src=\"https:\/\/www.europesays.com\/fr\/wp-content\/uploads\/2026\/01\/cafe-mio1-27553.jpg\" alt=\"\" width=\"400\" height=\"533\"\/><\/p>\n<p>Sonia et M\u00e9lanie souhaitent aller plus loin en d\u00e9veloppant des ateliers culturels comme de la broderie sur carte ou la correspondance sur photographie. Le lieu accueille \u00e9galement des expositions temporaires sur les murs de l\u2019\u00e9tage. Actuellement, c\u2019est l\u2019artiste H\u00e9lo\u00efse Peron qui y pr\u00e9sente son travail. \u00c0 travers ce rituel d\u2019\u00e9criture, Caf\u00e9 Mio transforme un geste simple en une v\u00e9ritable parenth\u00e8se hors du temps.<\/p>\n<p><strong>Z.B.<\/strong><\/p>\n<blockquote class=\"instagram-media\" style=\"background: #FFF; border: 0; border-radius: 3px; box-shadow: 0 0 1px 0 rgba(0,0,0,0.5),0 1px 10px 0 rgba(0,0,0,0.15); margin: 1px; max-width: 540px; min-width: 326px; padding: 0; width: calc(100% - 2px);\" data-instgrm-captioned=\"\" data-instgrm-permalink=\"https:\/\/www.instagram.com\/reel\/DS713mXjCCE\/?utm_source=ig_embed&amp;utm_campaign=loading\" data-instgrm-version=\"14\"><p>&#13;<br \/>\n&#13;\n<\/p><\/blockquote>\n<p>\t\t  <script async src=\"\/\/www.instagram.com\/embed.js\"><\/script><\/p>\n","protected":false},"excerpt":{"rendered":"Ouvert depuis d\u00e9but d\u00e9cembre, Caf\u00e9 Mio propose de vivre une exp\u00e9rience pas comme les autres. Un nouveau concept&hellip;\n","protected":false},"author":2,"featured_media":651478,"comment_status":"","ping_status":"","sticky":false,"template":"","format":"standard","meta":{"footnotes":""},"categories":[1889],"tags":[1111,11,2813,2190,2430,1109,251,1112,2811,1777,674,118,1294,4651,1011,27,1922,1110,1114,2428,4903,4902,12,241,316,25,2812,517,800],"class_list":{"0":"post-651477","1":"post","2":"type-post","3":"status-publish","4":"format-standard","5":"has-post-thumbnail","7":"category-lyon","8":"tag-actu","9":"tag-actualites","10":"tag-article","11":"tag-asvel","12":"tag-auvergne-rhone-alpes","13":"tag-breves","14":"tag-culture","15":"tag-depeches","16":"tag-economique","17":"tag-eu","18":"tag-europe","19":"tag-faits-divers","20":"tag-femme","21":"tag-femmes","22":"tag-fr","23":"tag-france","24":"tag-info","25":"tag-informations","26":"tag-infos","27":"tag-lyon","28":"tag-lyonfemme","29":"tag-lyonfemmes","30":"tag-news","31":"tag-ol","32":"tag-politique","33":"tag-republique-francaise","34":"tag-sociale","35":"tag-sport","36":"tag-transports"},"share_on_mastodon":{"url":"https:\/\/pubeurope.com\/@fr\/115864720239445171","error":""},"_links":{"self":[{"href":"https:\/\/www.europesays.com\/fr\/wp-json\/wp\/v2\/posts\/651477","targetHints":{"allow":["GET"]}}],"collection":[{"href":"https:\/\/www.europesays.com\/fr\/wp-json\/wp\/v2\/posts"}],"about":[{"href":"https:\/\/www.europesays.com\/fr\/wp-json\/wp\/v2\/types\/post"}],"author":[{"embeddable":true,"href":"https:\/\/www.europesays.com\/fr\/wp-json\/wp\/v2\/users\/2"}],"replies":[{"embeddable":true,"href":"https:\/\/www.europesays.com\/fr\/wp-json\/wp\/v2\/comments?post=651477"}],"version-history":[{"count":0,"href":"https:\/\/www.europesays.com\/fr\/wp-json\/wp\/v2\/posts\/651477\/revisions"}],"wp:featuredmedia":[{"embeddable":true,"href":"https:\/\/www.europesays.com\/fr\/wp-json\/wp\/v2\/media\/651478"}],"wp:attachment":[{"href":"https:\/\/www.europesays.com\/fr\/wp-json\/wp\/v2\/media?parent=651477"}],"wp:term":[{"taxonomy":"category","embeddable":true,"href":"https:\/\/www.europesays.com\/fr\/wp-json\/wp\/v2\/categories?post=651477"},{"taxonomy":"post_tag","embeddable":true,"href":"https:\/\/www.europesays.com\/fr\/wp-json\/wp\/v2\/tags?post=651477"}],"curies":[{"name":"wp","href":"https:\/\/api.w.org\/{rel}","templated":true}]}}