{"id":651479,"date":"2026-01-09T10:41:16","date_gmt":"2026-01-09T10:41:16","guid":{"rendered":"https:\/\/www.europesays.com\/fr\/651479\/"},"modified":"2026-01-09T10:41:16","modified_gmt":"2026-01-09T10:41:16","slug":"lyon-chantons-et-dansons-pour-celebrer-le-10e-anniversaire-de-la-mort-de-david-bowie","status":"publish","type":"post","link":"https:\/\/www.europesays.com\/fr\/651479\/","title":{"rendered":"Lyon. Chantons et dansons pour c\u00e9l\u00e9brer le 10e anniversaire de la mort de David Bowie"},"content":{"rendered":"<p>Le 10\u00a0janvier n\u2019est pas une date comme les autres pour les amateurs de musique. Il y aura pile dix ans, ce samedi, on apprenait avec stupeur la mort de l\u2019in\u00e9galable David Bowie. Deux jours apr\u00e8s la sortie de Lazarus, son dernier album con\u00e7u sous forme d\u2019auto-\u00e9pitaphe.<\/p>\n<p>Dans sa chambre, Peki, l\u2019une de ses plus grandes fans, comme tant d\u2019autres ce jour-l\u00e0, ne veut pas, ne peut pas y croire. Et d\u00e9cide de partir \u00e0 sa recherche\u2026 de chanson en chanson. Voil\u00e0 en deux mots, le pitch de la pi\u00e8ce de th\u00e9\u00e2tre musicale qui se joue ce week-end du 10\u00a0janvier au Th\u00e9\u00e2tre de l\u2019Acte 2, dans le 9e  arrondissement de Lyon.<\/p>\n<p>  Frais, tendre et \u00e9mouvant<\/p>\n<p>Ce spectacle d\u2019une heure, con\u00e7u par les auteurs, compositeurs et multi-instrumentistes de La Petite boutique, Herv\u00e9 Grol\u00e9as et Renaud Grattard, s\u00e9duira les aficionados de l\u2019artiste anglais qui y trouveront de multiples r\u00e9f\u00e9rences. Mais aussi les autres. Ceux qui se surprendront juste \u00e0 fredonner des titres moult fois entendus\u00a0: Survive, Heroes , Ashes to Ashes, China girl, Life on Mars\u00a0?, Under Pressure, We Are We Now. Quinze en tout et tous r\u00e9instrumentalis\u00e9s et revisit\u00e9s aux ukul\u00e9l\u00e9s et au chant.<\/p>\n<p>Une performance musicale, port\u00e9e par le jeu sensible de Patricia Goujon, dans le r\u00f4le de la fan absolue, et ses interlocuteurs\u00a0: Major Tom, Starman et Ze Very Best.<\/p>\n<p>C\u2019est frais, tendre et \u00e9mouvant. Pour c\u00e9l\u00e9brer ce dixi\u00e8me anniversaire, un seul mot d\u2019ordre\u00a0: let\u2019s dance\u00a0!<\/p>\n<p class=\"note\">Th\u00e9\u00e2tre de l\u2019Acte2, 32 bis, quai Arloing (Lyon 9e). Tarif\u00a0: 17 \u20ac. La repr\u00e9sentation du samedi 10\u00a0janvier est d\u00e9j\u00e0 compl\u00e8te. <a href=\"https:\/\/www.acte2theatre.fr\/A-PLAY-ODDITY-BOWIE-de-RENAUD-GRATTARD-ET-HERVE-GROLEAS-1h05_a1581.html\" target=\"_blank\" rel=\"noopener\">R\u00e9servations conseill\u00e9es sur le site<\/a> du th\u00e9\u00e2tre pour celles du vendredi\u00a09 \u00e0 20 h et dimanche 11\u00a0janvier \u00e0 17 h.<\/p>\n","protected":false},"excerpt":{"rendered":"Le 10\u00a0janvier n\u2019est pas une date comme les autres pour les amateurs de musique. Il y aura pile&hellip;\n","protected":false},"author":2,"featured_media":651480,"comment_status":"","ping_status":"","sticky":false,"template":"","format":"standard","meta":{"footnotes":""},"categories":[1889],"tags":[1111,11,2430,1687,2757,1777,674,1011,27,2428,2756,873,12,25,3140],"class_list":{"0":"post-651479","1":"post","2":"type-post","3":"status-publish","4":"format-standard","5":"has-post-thumbnail","7":"category-lyon","8":"tag-actu","9":"tag-actualites","10":"tag-auvergne-rhone-alpes","11":"tag-culture-loisirs","12":"tag-edition-lyon-villeurbanne","13":"tag-eu","14":"tag-europe","15":"tag-fr","16":"tag-france","17":"tag-lyon","18":"tag-lyon-bassin","19":"tag-musique","20":"tag-news","21":"tag-republique-francaise","22":"tag-spectacle"},"share_on_mastodon":{"url":"https:\/\/pubeurope.com\/@fr\/115864723964678643","error":""},"_links":{"self":[{"href":"https:\/\/www.europesays.com\/fr\/wp-json\/wp\/v2\/posts\/651479","targetHints":{"allow":["GET"]}}],"collection":[{"href":"https:\/\/www.europesays.com\/fr\/wp-json\/wp\/v2\/posts"}],"about":[{"href":"https:\/\/www.europesays.com\/fr\/wp-json\/wp\/v2\/types\/post"}],"author":[{"embeddable":true,"href":"https:\/\/www.europesays.com\/fr\/wp-json\/wp\/v2\/users\/2"}],"replies":[{"embeddable":true,"href":"https:\/\/www.europesays.com\/fr\/wp-json\/wp\/v2\/comments?post=651479"}],"version-history":[{"count":0,"href":"https:\/\/www.europesays.com\/fr\/wp-json\/wp\/v2\/posts\/651479\/revisions"}],"wp:featuredmedia":[{"embeddable":true,"href":"https:\/\/www.europesays.com\/fr\/wp-json\/wp\/v2\/media\/651480"}],"wp:attachment":[{"href":"https:\/\/www.europesays.com\/fr\/wp-json\/wp\/v2\/media?parent=651479"}],"wp:term":[{"taxonomy":"category","embeddable":true,"href":"https:\/\/www.europesays.com\/fr\/wp-json\/wp\/v2\/categories?post=651479"},{"taxonomy":"post_tag","embeddable":true,"href":"https:\/\/www.europesays.com\/fr\/wp-json\/wp\/v2\/tags?post=651479"}],"curies":[{"name":"wp","href":"https:\/\/api.w.org\/{rel}","templated":true}]}}