{"id":651492,"date":"2026-01-09T10:51:13","date_gmt":"2026-01-09T10:51:13","guid":{"rendered":"https:\/\/www.europesays.com\/fr\/651492\/"},"modified":"2026-01-09T10:51:13","modified_gmt":"2026-01-09T10:51:13","slug":"20-immeubles-residentiels-et-lambassade-du-qatar-endommages-a-kiev","status":"publish","type":"post","link":"https:\/\/www.europesays.com\/fr\/651492\/","title":{"rendered":"20 immeubles r\u00e9sidentiels et l&rsquo;ambassade du Qatar endommag\u00e9s \u00e0 Kiev"},"content":{"rendered":"<p><img decoding=\"async\" src=\"https:\/\/www.europesays.com\/fr\/wp-content\/uploads\/2026\/01\/6960caecf5e09c1fb8c5441e_ZELENSKY - GettyImages-2197631919-15.jpg\" loading=\"lazy\" width=\"Auto\" height=\"Auto\" alt=\"\" class=\"articles-banner\"\/><\/p>\n<p>Cr\u00e9dit : Vitalii Nosach \/Global Images Ukraine via Getty Images<\/p>\n<p>L&rsquo;attaque nocturne russe contre l&rsquo;Ukraine a endommag\u00e9 20 immeubles r\u00e9sidentiels\u00a0et l&rsquo;ambassade du Qatar \u00e0 Kiev, a indiqu\u00e9 vendredi le pr\u00e9sident ukrainien Volodymyr Zelensky sur les r\u00e9seaux sociaux.\u00a0<\/p>\n<p>\u00ab\u00a0Le b\u00e2timent de l&rsquo;ambassade du Qatar a \u00e9t\u00e9 endommag\u00e9 par un drone russe\u00a0\u00bb, de m\u00eame que 20 immeubles r\u00e9sidentiels dans la capitale, a d\u00e9clar\u00e9 Volodymyr Zelensky.\u00a0<\/p>\n<p>Il a aussi confirm\u00e9 le bilan de quatre morts \u00e0 Kiev. \u00a0<\/p>\n<p>Parmi ces victimes, un ambulancier tu\u00e9 dans une double frappe sur un immeuble r\u00e9sidentiel dans le quartier Darnytsky (sud-est de la ville), a ajout\u00e9 le ministre de l&rsquo;Int\u00e9rieur Igor Klymenko.\u00a0<\/p>\n<p>\u00ab\u00a0Objectif inhumain\u00a0\u00bb<\/p>\n<p>\u00ab\u00a0L&rsquo;ennemi a de nouveau frapp\u00e9 un immeuble \u00e0 plusieurs \u00e9tages, au moment m\u00eame o\u00f9 des secouristes et le personnel m\u00e9dical travaillaient d\u00e9j\u00e0 sur place\u00a0\u00bb, a dit le ministre sur les r\u00e9seaux sociaux.\u00a0<\/p>\n<p>Cinq secouristes, quatre membres du personnel m\u00e9dical et un policier ont \u00e9t\u00e9 bless\u00e9s sur le m\u00eame site, a-t-il ajout\u00e9.\u00a0<\/p>\n<p>Une personne a \u00e9t\u00e9 port\u00e9e disparue, selon Igor Klymenko, qui a indiqu\u00e9 que l&rsquo;attaque avait fait \u00ab\u00a0au moins 25 bless\u00e9s\u00a0\u00bb \u00e0 Kiev.<\/p>\n<p>La Russie, qui envahit l&rsquo;Ukraine depuis quatre ans, a effectu\u00e9 pendant la nuit une nouvelle attaque massive contre son voisin, notamment au moyen d&rsquo;un missile balistique hypersonique Orechnik, qui a touch\u00e9 la r\u00e9gion de Lviv (ouest du pays).<\/p>\n<p>\u00ab\u00a0La Russie a d\u00e9lib\u00e9r\u00e9ment frapp\u00e9 des infrastructures civiles et critiques\u00a0\u00bb, a accus\u00e9 Igor Klymenko. \u00ab\u00a0L&rsquo;objectif inhumain de l\u2019ennemi est de laisser des millions de personnes sans \u00e9lectricit\u00e9, sans chauffage et sans eau en plein hiver glacial\u00a0\u00bb.<\/p>\n<p>Selon lui la capitale, Kiev, a \u00e9t\u00e9 la plus affect\u00e9e avec un total de 40 sites touch\u00e9s par des temp\u00e9ratures proches de -10\u00b0C.\u00a0<\/p>\n","protected":false},"excerpt":{"rendered":"Cr\u00e9dit : Vitalii Nosach \/Global Images Ukraine via Getty Images L&rsquo;attaque nocturne russe contre l&rsquo;Ukraine a endommag\u00e9 20&hellip;\n","protected":false},"author":2,"featured_media":651493,"comment_status":"","ping_status":"","sticky":false,"template":"","format":"standard","meta":{"footnotes":""},"categories":[1590],"tags":[11,1777,674,12,220],"class_list":{"0":"post-651492","1":"post","2":"type-post","3":"status-publish","4":"format-standard","5":"has-post-thumbnail","7":"category-ukraine","8":"tag-actualites","9":"tag-eu","10":"tag-europe","11":"tag-news","12":"tag-ukraine"},"share_on_mastodon":{"url":"https:\/\/pubeurope.com\/@fr\/115864763373566661","error":""},"_links":{"self":[{"href":"https:\/\/www.europesays.com\/fr\/wp-json\/wp\/v2\/posts\/651492","targetHints":{"allow":["GET"]}}],"collection":[{"href":"https:\/\/www.europesays.com\/fr\/wp-json\/wp\/v2\/posts"}],"about":[{"href":"https:\/\/www.europesays.com\/fr\/wp-json\/wp\/v2\/types\/post"}],"author":[{"embeddable":true,"href":"https:\/\/www.europesays.com\/fr\/wp-json\/wp\/v2\/users\/2"}],"replies":[{"embeddable":true,"href":"https:\/\/www.europesays.com\/fr\/wp-json\/wp\/v2\/comments?post=651492"}],"version-history":[{"count":0,"href":"https:\/\/www.europesays.com\/fr\/wp-json\/wp\/v2\/posts\/651492\/revisions"}],"wp:featuredmedia":[{"embeddable":true,"href":"https:\/\/www.europesays.com\/fr\/wp-json\/wp\/v2\/media\/651493"}],"wp:attachment":[{"href":"https:\/\/www.europesays.com\/fr\/wp-json\/wp\/v2\/media?parent=651492"}],"wp:term":[{"taxonomy":"category","embeddable":true,"href":"https:\/\/www.europesays.com\/fr\/wp-json\/wp\/v2\/categories?post=651492"},{"taxonomy":"post_tag","embeddable":true,"href":"https:\/\/www.europesays.com\/fr\/wp-json\/wp\/v2\/tags?post=651492"}],"curies":[{"name":"wp","href":"https:\/\/api.w.org\/{rel}","templated":true}]}}