{"id":651494,"date":"2026-01-09T10:52:14","date_gmt":"2026-01-09T10:52:14","guid":{"rendered":"https:\/\/www.europesays.com\/fr\/651494\/"},"modified":"2026-01-09T10:52:14","modified_gmt":"2026-01-09T10:52:14","slug":"pression-attenuee-sur-lemploi-apres-laccord-avec-les-usa","status":"publish","type":"post","link":"https:\/\/www.europesays.com\/fr\/651494\/","title":{"rendered":"Pression att\u00e9nu\u00e9e sur l&#8217;emploi apr\u00e8s l&rsquo;accord avec les USA"},"content":{"rendered":"<p style=\"margin-top:5px\">Zurich (awp) &#8211; Le Secr\u00e9tariat d&rsquo;Etat \u00e0 l&rsquo;\u00e9conomie (Seco) revoit vendredi \u00e0 la baisse son estimation de taux de ch\u00f4mage moyen en Suisse sur l&rsquo;ann\u00e9e entam\u00e9e, \u00e0 3,1% contre encore 3,3% fin ao\u00fbt.<\/p>\n<p>\u00ab\u00a0La situation s&rsquo;est d\u00e9tendue suite \u00e0 l&rsquo;accord convenu mi-novembre avec les Etats-Unis concernant les droits de douane,\u00a0\u00bb a expliqu\u00e9 le chef de la division Travail du Secr\u00e9tariat d&rsquo;Etat \u00e0 l&rsquo;\u00e9conomie (Seco), J\u00e9r\u00f4me Cosandey t\u00e9l\u00e9conf\u00e9rence de presse.<\/p>\n<p>Il reste qu&rsquo;\u00e0 15%, contre 1% \u00e0 2% avant la d\u00e9claration d\u00e9but avril par Donald Trump d&rsquo;une guerre commerciale au reste du monde, ces droits de douane demeurent handicapants pour l&rsquo;industrie exportatrice helv\u00e9tique.<\/p>\n<p>Fortement expos\u00e9 \u00e0 l&rsquo;industrie, l&rsquo;arc jurassien en particulier est soumis \u00e0 une pression accentu\u00e9e encore par d&rsquo;autres facteurs, comme l&rsquo;essor de v\u00e9hicules \u00e9lectriques n\u00e9cessitant moins de pi\u00e8ces que leurs pendants thermiques et, partant, moins de machines-outils pour les produire, a soulign\u00e9 M. Cosandey.<\/p>\n<p>Confront\u00e9 de surcro\u00eet \u00e0 une moindre demande chinoise dans l&rsquo;important segment de l&rsquo;horlogerie, le canton du Jura faisait ainsi face \u00e0 une situation \u00ab\u00a0extr\u00eamement tendue\u00a0\u00bb, avec un taux de ch\u00f4mage de 5,3% en d\u00e9cembre dernier &#8211; le plus \u00e9lev\u00e9 du pays &#8211; auquel s&rsquo;ajoute une proportion d&rsquo;environ 8% de travailleurs touch\u00e9s par le ch\u00f4mage partiel.<\/p>\n<p>ats\/jh\/ib<\/p>\n","protected":false},"excerpt":{"rendered":"Zurich (awp) &#8211; Le Secr\u00e9tariat d&rsquo;Etat \u00e0 l&rsquo;\u00e9conomie (Seco) revoit vendredi \u00e0 la baisse son estimation de taux&hellip;\n","protected":false},"author":2,"featured_media":651495,"comment_status":"","ping_status":"","sticky":false,"template":"","format":"standard","meta":{"footnotes":""},"categories":[1589],"tags":[11,340,73,1866,12,1864,1865,1863,308],"class_list":{"0":"post-651494","1":"post","2":"type-post","3":"status-publish","4":"format-standard","5":"has-post-thumbnail","7":"category-etats-unis","8":"tag-actualites","9":"tag-bourse","10":"tag-etats-unis","11":"tag-etats-unis-damerique","12":"tag-news","13":"tag-united-states","14":"tag-united-states-of-america","15":"tag-us","16":"tag-usa"},"share_on_mastodon":{"url":"https:\/\/pubeurope.com\/@fr\/115864767339659041","error":""},"_links":{"self":[{"href":"https:\/\/www.europesays.com\/fr\/wp-json\/wp\/v2\/posts\/651494","targetHints":{"allow":["GET"]}}],"collection":[{"href":"https:\/\/www.europesays.com\/fr\/wp-json\/wp\/v2\/posts"}],"about":[{"href":"https:\/\/www.europesays.com\/fr\/wp-json\/wp\/v2\/types\/post"}],"author":[{"embeddable":true,"href":"https:\/\/www.europesays.com\/fr\/wp-json\/wp\/v2\/users\/2"}],"replies":[{"embeddable":true,"href":"https:\/\/www.europesays.com\/fr\/wp-json\/wp\/v2\/comments?post=651494"}],"version-history":[{"count":0,"href":"https:\/\/www.europesays.com\/fr\/wp-json\/wp\/v2\/posts\/651494\/revisions"}],"wp:featuredmedia":[{"embeddable":true,"href":"https:\/\/www.europesays.com\/fr\/wp-json\/wp\/v2\/media\/651495"}],"wp:attachment":[{"href":"https:\/\/www.europesays.com\/fr\/wp-json\/wp\/v2\/media?parent=651494"}],"wp:term":[{"taxonomy":"category","embeddable":true,"href":"https:\/\/www.europesays.com\/fr\/wp-json\/wp\/v2\/categories?post=651494"},{"taxonomy":"post_tag","embeddable":true,"href":"https:\/\/www.europesays.com\/fr\/wp-json\/wp\/v2\/tags?post=651494"}],"curies":[{"name":"wp","href":"https:\/\/api.w.org\/{rel}","templated":true}]}}