{"id":651496,"date":"2026-01-09T10:53:12","date_gmt":"2026-01-09T10:53:12","guid":{"rendered":"https:\/\/www.europesays.com\/fr\/651496\/"},"modified":"2026-01-09T10:53:12","modified_gmt":"2026-01-09T10:53:12","slug":"linflation-alimentaire-au-royaume-uni-devrait-continuer-a-baisser-en-2026-selon-le-patron-de-sainsburys","status":"publish","type":"post","link":"https:\/\/www.europesays.com\/fr\/651496\/","title":{"rendered":"L&rsquo;inflation alimentaire au Royaume-Uni devrait continuer \u00e0 baisser en 2026, selon le patron de Sainsbury&rsquo;s"},"content":{"rendered":"<p>                    Sainsbury&rsquo;s, le deuxi\u00e8me plus grand groupe de supermarch\u00e9s britannique apr\u00e8s Tesco, pr\u00e9voit que l&rsquo;inflation alimentaire continuera de diminuer en 2026, a d\u00e9clar\u00e9 vendredi son directeur g\u00e9n\u00e9ral.<\/p>\n<p>Des donn\u00e9es sectorielles publi\u00e9es mardi ont montr\u00e9 que l&rsquo;inflation des produits alimentaires au Royaume-Uni s&rsquo;\u00e9levait \u00e0 4,3% sur les quatre semaines pr\u00e9c\u00e9dant le 28 d\u00e9cembre, contre 4,7% lors de la p\u00e9riode de quatre semaines pr\u00e9c\u00e9dente.<\/p>\n<p>\u00ab\u00a0Nous avons constat\u00e9 une baisse de l&rsquo;inflation alimentaire et, si l&rsquo;on consid\u00e8re les perspectives pour l&rsquo;ann\u00e9e \u00e0 venir, nous nous attendons \u00e0 ce que cette tendance se poursuive\u00a0\u00bb, a d\u00e9clar\u00e9 le PDG de Sainsbury&rsquo;s, Simon Roberts, aux journalistes apr\u00e8s la publication des r\u00e9sultats du groupe pour la p\u00e9riode de No\u00ebl.<\/p>\n<p>Il a indiqu\u00e9 que les prix des mati\u00e8res premi\u00e8res devraient \u00eatre plus stables en 2026, tandis que Sainsbury&rsquo;s ne devrait pas subir la m\u00eame hausse des charges sociales patronales qu&rsquo;en 2025.<\/p>\n<p>\u00ab\u00a0M\u00eame si les salaires continuent d&rsquo;augmenter, ce sont des \u00e9l\u00e9ments que nous avons pr\u00e9vus sur le long terme\u00a0\u00bb, a ajout\u00e9 Roberts.<\/p>\n<p>\u00c0 partir d&rsquo;avril, le principal taux du salaire minimum britannique augmentera encore de 4,1%.<\/p>\n","protected":false},"excerpt":{"rendered":"Sainsbury&rsquo;s, le deuxi\u00e8me plus grand groupe de supermarch\u00e9s britannique apr\u00e8s Tesco, pr\u00e9voit que l&rsquo;inflation alimentaire continuera de diminuer&hellip;\n","protected":false},"author":2,"featured_media":651497,"comment_status":"","ping_status":"","sticky":false,"template":"","format":"standard","meta":{"footnotes":""},"categories":[1588],"tags":[11,340,1777,674,12,473,1853,1851,1850,1852],"class_list":{"0":"post-651496","1":"post","2":"type-post","3":"status-publish","4":"format-standard","5":"has-post-thumbnail","7":"category-royaume-uni","8":"tag-actualites","9":"tag-bourse","10":"tag-eu","11":"tag-europe","12":"tag-news","13":"tag-royaume-uni","14":"tag-royaume-uni-de-grande-bretagne-et-dirlande-du-nord","15":"tag-uk","16":"tag-united-kingdom","17":"tag-united-kingdom-of-great-britain-and-northern-ireland"},"share_on_mastodon":{"url":"https:\/\/pubeurope.com\/@fr\/115864771256334507","error":""},"_links":{"self":[{"href":"https:\/\/www.europesays.com\/fr\/wp-json\/wp\/v2\/posts\/651496","targetHints":{"allow":["GET"]}}],"collection":[{"href":"https:\/\/www.europesays.com\/fr\/wp-json\/wp\/v2\/posts"}],"about":[{"href":"https:\/\/www.europesays.com\/fr\/wp-json\/wp\/v2\/types\/post"}],"author":[{"embeddable":true,"href":"https:\/\/www.europesays.com\/fr\/wp-json\/wp\/v2\/users\/2"}],"replies":[{"embeddable":true,"href":"https:\/\/www.europesays.com\/fr\/wp-json\/wp\/v2\/comments?post=651496"}],"version-history":[{"count":0,"href":"https:\/\/www.europesays.com\/fr\/wp-json\/wp\/v2\/posts\/651496\/revisions"}],"wp:featuredmedia":[{"embeddable":true,"href":"https:\/\/www.europesays.com\/fr\/wp-json\/wp\/v2\/media\/651497"}],"wp:attachment":[{"href":"https:\/\/www.europesays.com\/fr\/wp-json\/wp\/v2\/media?parent=651496"}],"wp:term":[{"taxonomy":"category","embeddable":true,"href":"https:\/\/www.europesays.com\/fr\/wp-json\/wp\/v2\/categories?post=651496"},{"taxonomy":"post_tag","embeddable":true,"href":"https:\/\/www.europesays.com\/fr\/wp-json\/wp\/v2\/tags?post=651496"}],"curies":[{"name":"wp","href":"https:\/\/api.w.org\/{rel}","templated":true}]}}