{"id":651498,"date":"2026-01-09T10:54:12","date_gmt":"2026-01-09T10:54:12","guid":{"rendered":"https:\/\/www.europesays.com\/fr\/651498\/"},"modified":"2026-01-09T10:54:12","modified_gmt":"2026-01-09T10:54:12","slug":"la-production-industrielle-continue-de-progresser-tiree-notamment-par-larmement","status":"publish","type":"post","link":"https:\/\/www.europesays.com\/fr\/651498\/","title":{"rendered":"la production industrielle continue de progresser, tir\u00e9e notamment par l&rsquo;armement"},"content":{"rendered":"<p class=\"fig-paragraph\">La\u00a0<a href=\"http:\/\/www.lefigaro.fr\/flash-eco\/zone-euro-l-activite-du-secteur-prive-decelere-en-decembre-plombee-par-l-industrie-allemande-20251216\" data-fig-type=\"NewsFlash\" data-gtm-custom-categorie=\"navigation\" data-gtm-custom-action=\"crossclick\" data-gtm-custom-label=\"Contextuel\" data-gtm-event=\"customEventSPE\" data-fig-domain=\"LEFIGARO\" target=\"_blank\" rel=\"noopener\">production industrielle allemande\u00a0<\/a>a augment\u00e9 en novembre pour le troisi\u00e8me mois cons\u00e9cutif, tir\u00e9e en partie par les \u00e9quipements de d\u00e9fense, dans le contexte du r\u00e9armement face \u00e0 la menace russe, constituant un indice suppl\u00e9mentaire d&rsquo;une l\u00e9g\u00e8re am\u00e9lioration de l&rsquo;\u00e9conomie.<\/p>\n<p class=\"fig-paragraph\">Elle a bondi de 0,8% sur un mois, apr\u00e8s une augmentation en octobre r\u00e9vis\u00e9e \u00e0 la hausse de 2%, selon les donn\u00e9es publi\u00e9es vendredi par l&rsquo;office statistique Destatis. Il s&rsquo;agit de la premi\u00e8re progression sur trois mois d&rsquo;affil\u00e9e depuis la p\u00e9riode post-confinement en 2021.<\/p>\n<p>                                            <a class=\"fig-a11y-skip\" href=\"#fig-a11y-skip-main-inarticle\" data-module=\"a11y-skip\" data-context=\"was @visible\"><br \/>\n    Passer la publicit\u00e9<br \/>\n<\/a>            <\/p>\n<p class=\"fig-paragraph\">La production allemande est tir\u00e9e en partie par la fabrication d&rsquo;\u00e9quipements de d\u00e9fense, remarque le minist\u00e8re de l&rsquo;\u00c9conomie dans un communiqu\u00e9 s\u00e9par\u00e9. Face \u00e0 la menace russe et aux inqui\u00e9tudes croissantes concernant le d\u00e9sengagement am\u00e9ricain en Europe, le chancelier Friedrich Merz, qui a pris ses fonctions en mai, a d\u00e9cid\u00e9 d&rsquo;exempter les d\u00e9penses de d\u00e9fense des r\u00e8gles strictes en mati\u00e8re d&rsquo;endettement public afin d&rsquo;acc\u00e9l\u00e9rer le renforcement des capacit\u00e9s militaires allemandes.<\/p>\n<p>                                            Un \u00abtournant industriel\u00bb<\/p>\n<p class=\"fig-paragraph\">Mais d&rsquo;autres secteurs rebondissent \u00e9galement, offrant un nouvel indice que la premi\u00e8re \u00e9conomie europ\u00e9enne se redresse apr\u00e8s avoir touch\u00e9 le fond. La production automobile a augment\u00e9 de 7,8%, les produits pharmaceutiques de 4,7% et le g\u00e9nie m\u00e9canique de plus de 3,2%. Le rebond de cet indicateur s&rsquo;ajoute \u00e0 la reprise des commandes industrielles, qui ont fortement augment\u00e9 en novembre (+5,6%), \u00e9galement pour le troisi\u00e8me mois d&rsquo;affil\u00e9e.<\/p>\n<p class=\"fig-paragraph\">\u00abSans trop s&rsquo;enthousiasmer, ce sont tous des signes clairs d&rsquo;un tournant cyclique\u00bb, commente Carsten Brzeski, \u00e9conomiste \u00e0 la banque ING. Ces signes \u00abtimides\u00bb d&rsquo;un \u00abtournant industriel\u00bb, combin\u00e9s \u00e0 la mise en \u0153uvre compl\u00e8te du plan de relance budg\u00e9taire du gouvernement allemand laissent penser que \u00abl&rsquo;\u00e9conomie allemande retrouvera enfin sa croissance cette ann\u00e9e\u00bb, ajoute-t-il.<\/p>\n<p class=\"fig-paragraph\">Toutefois, \u00abune reprise plus large de l&rsquo;activit\u00e9 industrielle reste limit\u00e9e par une demande mod\u00e9r\u00e9e venant de l&rsquo;\u00e9tranger, en particulier des pays tiers, o\u00f9 les incertitudes g\u00e9opolitiques et commerciales actuelles sont probablement importantes\u00bb, temp\u00e8re le minist\u00e8re de l&rsquo;\u00c9conomie, alors que l&rsquo;\u00e9conomie allemande d\u00e9pend de son mod\u00e8le industriel exportateur, fragilis\u00e9 par les droits de douane am\u00e9ricains.<\/p>\n<p class=\"fig-paragraph\">Cette fragilit\u00e9 du commerce ext\u00e9rieur s&rsquo;est refl\u00e9t\u00e9e dans le recul des exportations en novembre, en baisse de 2,5% en novembre sur un mois, d&rsquo;apr\u00e8s les donn\u00e9es publi\u00e9es vendredi par Destatis.<\/p>\n","protected":false},"excerpt":{"rendered":"La\u00a0production industrielle allemande\u00a0a augment\u00e9 en novembre pour le troisi\u00e8me mois cons\u00e9cutif, tir\u00e9e en partie par les \u00e9quipements de&hellip;\n","protected":false},"author":2,"featured_media":651499,"comment_status":"","ping_status":"","sticky":false,"template":"","format":"standard","meta":{"footnotes":""},"categories":[1587],"tags":[11,672,1804,1805,1803,1777,674,1801,693,12,1802],"class_list":{"0":"post-651498","1":"post","2":"type-post","3":"status-publish","4":"format-standard","5":"has-post-thumbnail","7":"category-allemagne","8":"tag-actualites","9":"tag-allemagne","10":"tag-bundesrepublik-deutschland","11":"tag-de","12":"tag-deutschland","13":"tag-eu","14":"tag-europe","15":"tag-germany","16":"tag-industrie","17":"tag-news","18":"tag-republique-federale-dallemagne"},"share_on_mastodon":{"url":"https:\/\/pubeurope.com\/@fr\/115864775468190601","error":""},"_links":{"self":[{"href":"https:\/\/www.europesays.com\/fr\/wp-json\/wp\/v2\/posts\/651498","targetHints":{"allow":["GET"]}}],"collection":[{"href":"https:\/\/www.europesays.com\/fr\/wp-json\/wp\/v2\/posts"}],"about":[{"href":"https:\/\/www.europesays.com\/fr\/wp-json\/wp\/v2\/types\/post"}],"author":[{"embeddable":true,"href":"https:\/\/www.europesays.com\/fr\/wp-json\/wp\/v2\/users\/2"}],"replies":[{"embeddable":true,"href":"https:\/\/www.europesays.com\/fr\/wp-json\/wp\/v2\/comments?post=651498"}],"version-history":[{"count":0,"href":"https:\/\/www.europesays.com\/fr\/wp-json\/wp\/v2\/posts\/651498\/revisions"}],"wp:featuredmedia":[{"embeddable":true,"href":"https:\/\/www.europesays.com\/fr\/wp-json\/wp\/v2\/media\/651499"}],"wp:attachment":[{"href":"https:\/\/www.europesays.com\/fr\/wp-json\/wp\/v2\/media?parent=651498"}],"wp:term":[{"taxonomy":"category","embeddable":true,"href":"https:\/\/www.europesays.com\/fr\/wp-json\/wp\/v2\/categories?post=651498"},{"taxonomy":"post_tag","embeddable":true,"href":"https:\/\/www.europesays.com\/fr\/wp-json\/wp\/v2\/tags?post=651498"}],"curies":[{"name":"wp","href":"https:\/\/api.w.org\/{rel}","templated":true}]}}