{"id":651512,"date":"2026-01-09T11:02:27","date_gmt":"2026-01-09T11:02:27","guid":{"rendered":"https:\/\/www.europesays.com\/fr\/651512\/"},"modified":"2026-01-09T11:02:27","modified_gmt":"2026-01-09T11:02:27","slug":"la-gestion-humaine-du-groupe-france-sannonce-tres-delicate-pour-fabien-galthie","status":"publish","type":"post","link":"https:\/\/www.europesays.com\/fr\/651512\/","title":{"rendered":"La gestion humaine du groupe France s\u2019annonce tr\u00e8s d\u00e9licate pour Fabien Galthi\u00e9"},"content":{"rendered":"<p data-start=\"659\" data-end=\"1017\">La perspective du Tournoi change brusquement le climat autour du XV de France. Les semaines \u00e0 venir ne se r\u00e9sumeront pas seulement \u00e0 r\u00e9cup\u00e9rer les cadres bless\u00e9s : elles vont redessiner la hi\u00e9rarchie \u00e0 plusieurs postes cl\u00e9s.<\/p>\n<p data-start=\"659\" data-end=\"1017\">Derri\u00e8re l\u2019image id\u00e9ale d\u2019un groupe renforc\u00e9 se cache une m\u00e9canique plus complexe, o\u00f9 l\u2019abondance cr\u00e9e des tensions et oblige au tri.<\/p>\n<p data-start=\"1019\" data-end=\"1442\">La premi\u00e8re cons\u00e9quence concerne les finisseurs. Jug\u00e9 trop l\u00e9ger en novembre, le banc devrait s\u2019\u00e9toffer avec des profils exp\u00e9riment\u00e9s. Mais si certains se r\u00e9jouiront de retrouver leur place, d\u2019autres verront leur temps de jeu fondre.<\/p>\n<p data-start=\"1019\" data-end=\"1442\">L\u2019encadrement devra g\u00e9rer les frustrations inh\u00e9rentes aux retours forc\u00e9s vers un statut de rempla\u00e7ant, tout en absorbant la concurrence de jeunes candidats issus des rassemblements r\u00e9cents.<\/p>\n<p data-start=\"1444\" data-end=\"2043\">C\u2019est au centre que la bataille s\u2019annonce la plus dense comme l\u2019explique Midi Olympique.<\/p>\n<p data-start=\"1444\" data-end=\"2043\">Yoram Moefana franchit l\u2019hiver avec une forme impressionnante sous le maillot de l\u2019UBB et semble arm\u00e9 pour r\u00e9cup\u00e9rer le num\u00e9ro 12. Mais la question de son partenaire direct est loin d\u2019\u00eatre tranch\u00e9e. Nicolas Depoortere, sensation girondine, postule par continuit\u00e9. Ga\u00ebl Fickou, r\u00e9f\u00e9rence de la d\u00e9fense, ambitionne d\u2019atteindre le cap des cent s\u00e9lections d\u00e8s ce Tournoi. Pierre-Louis Barassi, lui, reste tenu \u00e0 l\u2019\u00e9cart apr\u00e8s une commotion face aux Fidji. Et Emilien Gailleton doit encore prouver qu\u2019il a retrouv\u00e9 l\u2019impact de ses meilleurs jours.<\/p>\n<p data-start=\"2045\" data-end=\"2424\">Au poste d\u2019ouvreur, la r\u00e9flexion s\u2019invite de nouveau entre deux logiques oppos\u00e9es : stabilit\u00e9 ou rupture. Fabien Galthi\u00e9 avait install\u00e9 Romain Ntamack en novembre, mais le retour de Matthieu Jalibert repositionne le d\u00e9bat. Le choix \u00e0 venir affectera bien plus que la simple animation offensive : il conditionnera la distribution avec Antoine Dupont et l\u2019\u00e9quilibre du jeu au pied.<\/p>\n<p data-start=\"2426\" data-end=\"2958\">Dans le pack, les retours de Uini Atonio et Peato Mauvaka modifient aussi le paysage. La concurrence en deuxi\u00e8me et troisi\u00e8me lignes sera particuli\u00e8rement dense. Micka\u00ebl Guillard peut couvrir plusieurs num\u00e9ros, Fran\u00e7ois Cros apporte un profil de soutien pr\u00e9cieux que le groupe avait perdu cet automne, alors qu\u2019Ollivon, Jelonch et Paul Boudehent comptent parmi les capitaines naturels du secteur.<\/p>\n<p data-start=\"2426\" data-end=\"2958\">Oscar Jegou, lui, a laiss\u00e9 une forte impression lors de la tourn\u00e9e et a montr\u00e9 qu\u2019un r\u00f4le hybride est possible au niveau international.<\/p>\n<p data-start=\"2960\" data-end=\"3251\">Ce tableau collectif ouvre des opportunit\u00e9s, mais impose une gestion humaine d\u00e9licate \u00e0 un groupe qui n\u2019a plus connu une telle richesse depuis la p\u00e9riode post-Coupe du monde. Le d\u00e9fi, d\u00e9sormais, consiste \u00e0 transformer cette surabondance en dynamisme sans fracturer le fonctionnement interne.<\/p>\n","protected":false},"excerpt":{"rendered":"La perspective du Tournoi change brusquement le climat autour du XV de France. Les semaines \u00e0 venir ne&hellip;\n","protected":false},"author":2,"featured_media":620322,"comment_status":"","ping_status":"","sticky":false,"template":"","format":"standard","meta":{"footnotes":""},"categories":[1416],"tags":[1011,27,479,1468,60],"class_list":{"0":"post-651512","1":"post","2":"type-post","3":"status-publish","4":"format-standard","5":"has-post-thumbnail","7":"category-rugby","8":"tag-fr","9":"tag-france","10":"tag-rugby","11":"tag-rugby-football","12":"tag-sports"},"share_on_mastodon":{"url":"https:\/\/pubeurope.com\/@fr\/115864806650945165","error":""},"_links":{"self":[{"href":"https:\/\/www.europesays.com\/fr\/wp-json\/wp\/v2\/posts\/651512","targetHints":{"allow":["GET"]}}],"collection":[{"href":"https:\/\/www.europesays.com\/fr\/wp-json\/wp\/v2\/posts"}],"about":[{"href":"https:\/\/www.europesays.com\/fr\/wp-json\/wp\/v2\/types\/post"}],"author":[{"embeddable":true,"href":"https:\/\/www.europesays.com\/fr\/wp-json\/wp\/v2\/users\/2"}],"replies":[{"embeddable":true,"href":"https:\/\/www.europesays.com\/fr\/wp-json\/wp\/v2\/comments?post=651512"}],"version-history":[{"count":0,"href":"https:\/\/www.europesays.com\/fr\/wp-json\/wp\/v2\/posts\/651512\/revisions"}],"wp:featuredmedia":[{"embeddable":true,"href":"https:\/\/www.europesays.com\/fr\/wp-json\/wp\/v2\/media\/620322"}],"wp:attachment":[{"href":"https:\/\/www.europesays.com\/fr\/wp-json\/wp\/v2\/media?parent=651512"}],"wp:term":[{"taxonomy":"category","embeddable":true,"href":"https:\/\/www.europesays.com\/fr\/wp-json\/wp\/v2\/categories?post=651512"},{"taxonomy":"post_tag","embeddable":true,"href":"https:\/\/www.europesays.com\/fr\/wp-json\/wp\/v2\/tags?post=651512"}],"curies":[{"name":"wp","href":"https:\/\/api.w.org\/{rel}","templated":true}]}}