{"id":651518,"date":"2026-01-09T11:09:10","date_gmt":"2026-01-09T11:09:10","guid":{"rendered":"https:\/\/www.europesays.com\/fr\/651518\/"},"modified":"2026-01-09T11:09:10","modified_gmt":"2026-01-09T11:09:10","slug":"sa-maison-familiale-en-seine-et-marne","status":"publish","type":"post","link":"https:\/\/www.europesays.com\/fr\/651518\/","title":{"rendered":"sa maison familiale en Seine-et-Marne"},"content":{"rendered":"<p>\u00c0 l\u2019\u00e9cart des tourn\u00e9es, des studios et du tumulte parisien,<br \/>\nMatthieu Chedid a trouv\u00e9 un autre tempo. Le musicien consacre ses<br \/>\nweek-ends \u00e0 une maison de campagne en Seine-et-Marne, une demeure<br \/>\nqui occupe une place particuli\u00e8re dans son quotidien. Il la d\u00e9crit<br \/>\nsimplement comme sa \u00ab\u00a0maison familiale\u00a0\u00bb, \u00ab\u00a0qui se trouve<br \/>\nau milieu des champs\u00a0\u00bb. Un lieu qu\u2019il a pr\u00e9sent\u00e9 au<br \/>\nParisien Week-end comme l\u2019endroit o\u00f9 il jouit de<br \/>\nl\u2019essentiel : \u00ab\u00a0O\u00f9 je me retrouve avec mes enfants et mes amis.<br \/>\nC\u2019est un havre de paix, un lieu remarquable\u00a0\u00bb. Avant de<br \/>\nconclure, sans d\u00e9tour : \u00ab\u00a0C\u2019est magique\u00a0\u00bb.<\/p>\n<p>La maison de Matthieu Chedid, une vie au rythme de la<br \/>\nnature<\/p>\n<p>Ce refuge rural ne doit rien au hasard. Implant\u00e9e <strong>au<br \/>\nc\u0153ur d\u2019un paysage ouvert<\/strong>, la maison est \u00ab\u00a0entour\u00e9e<br \/>\nd\u2019arbres magnifiques, comme un c\u00e8dre du Liban qui a \u00e9t\u00e9 plant\u00e9 en<br \/>\n1789\u00a0\u00bb, d\u00e9tail auquel l\u2019artiste est tr\u00e8s attach\u00e9 et qui, selon<br \/>\nlui, le ram\u00e8ne \u00e0 ses origines. <a href=\"https:\/\/www.lejournaldelamaison.fr\/le-journal-de-la-maison\/reportages-maisons\/maisons-campagne\/helene-fougerolles-combinaison-jardinage-matin-soir-avec-crocs-maison-paisible-luberon-piscine-jardin-potager-532388.html\" target=\"_blank\" rel=\"noopener\"><br \/>\nDans le jardin<\/a>, la vie s\u2019organise autour d\u2019une petite<br \/>\ncommunaut\u00e9 animale. Le chanteur de 52 ans y entretient un<br \/>\n<strong>poulailler avec une douzaine de poules<\/strong>, mais aussi<br \/>\n\u00ab\u00a0des moutons et une chienne\u2026\u00a0\u00bb. Une pr\u00e9sence vivante et<br \/>\nquotidienne qui fa\u00e7onne le rythme de ses s\u00e9jours loin de la<br \/>\nsc\u00e8ne.<\/p>\n<p>Lorsque son agenda le lui permet, <a href=\"https:\/\/www.lejournaldelamaison.fr\/le-journal-de-la-maison\/reportages-maisons\/maisons-reportages-maisons\/pierre-perret-le-chef-ici-cest-moi-casseroles-en-cuivre-facades-en-bois-poutres-apparentes-sa-cuisine-spectaculaire-dans-sa-maison-de-campagne-532779.html\" target=\"_blank\" rel=\"noopener\"><br \/>\nc\u2019est dans cette maison<\/a> qu\u2019il partage avec ses enfants des<br \/>\nmoments qui comptent. Il a confi\u00e9 : \u00ab\u00a0J\u2019adore donner \u00e0 manger<br \/>\naux animaux avec mes enfants, et les emmener faire des petits<br \/>\n<strong>tours de tracteur \u00e9lectrique<\/strong>\u00ab\u00a0. Ces gestes<br \/>\nsimples ont pour lui une valeur particuli\u00e8re, parce qu\u2019ils<br \/>\npermettent, comme il le dit lui-m\u00eame, de \u00ab\u00a0<strong>se connecter<br \/>\n\u00e0 la nature<\/strong> ensemble\u00a0\u00bb. Le temps semble alors s\u2019\u00e9tirer<br \/>\nautrement, sans contrainte ni urgence, loin des obligations<br \/>\nprofessionnelles qui structurent le reste de son ann\u00e9e.<\/p>\n<p>Chez Matthieu Chedid, la maison comme territoire de<br \/>\nlibert\u00e9<\/p>\n<p>La campagne devient aussi un espace de mouvement et de<br \/>\nrespiration. <a href=\"https:\/\/www.lejournaldelamaison.fr\/le-journal-de-la-maison\/reportages-maisons\/maisons-bord-de-mer\/matthieu-chedid-cette-ile-tres-inspirante-refuge-familial-ressource-entoure-proches-517376.html\" target=\"_blank\" rel=\"noopener\"><br \/>\nMatthieu Chedid aime parcourir<\/a> les environs \u00e0 pied ou en<br \/>\ncourant, souvent en solitaire, dans la for\u00eat toute proche.<br \/>\n\u00ab\u00a0Courir me permet de m\u00e9diter\u00a0\u00bb, explique-t-il, \u00e9voquant ces<br \/>\ninstants o\u00f9 l\u2019effort devient une <strong>forme de retrait<br \/>\nint\u00e9rieur<\/strong>. Avec ses enfants, il prolonge ces \u00e9chapp\u00e9es en<br \/>\nles emmenant \u00ab\u00a0\u00e0 v\u00e9lo dans une ferme o\u00f9 il y a des<br \/>\nchevaux\u00a0\u00bb, puis en longeant le Grand Morin, jusqu\u2019\u00e0 s\u2019arr\u00eater<br \/>\nsur les berges pour observer le <strong>passage lent des<br \/>\ncano\u00ebs-kayaks<\/strong>.<\/p>\n<p>La maison n\u2019est pas seulement un lieu de repos, elle est aussi<br \/>\nun <strong>espace de cr\u00e9ation<\/strong>. Le musicien y a <a href=\"https:\/\/www.lejournaldelamaison.fr\/le-journal-de-la-maison\/reportages-maisons\/maisons-campagne\/claudio-capeo-besoin-revenir-sources-maison-alsace-cuisine-familale-grand-ilot-central-piano-studio-musique-video-531812.html\" target=\"_blank\" rel=\"noopener\"><br \/>\ninstall\u00e9 un studio de musique<\/a>, \u00ab\u00a0dans lequel j\u2019ai notamment<br \/>\nenregistr\u00e9 L\u2019Heure miroir\u00a0\u00bb. Pourtant, il veille \u00e0 pr\u00e9server<br \/>\nl\u2019\u00e9quilibre entre travail et retrait. \u00ab\u00a0Mais j\u2019essaie, le<br \/>\nweek-end, de <strong>me d\u00e9connecter du travail<\/strong> pour<br \/>\nm\u2019immerger dans la nature\u00a0\u00bb, pr\u00e9cise-t-il, soucieux de<br \/>\nmaintenir cette fronti\u00e8re qui rend ces s\u00e9jours si pr\u00e9cieux.<\/p>\n<blockquote class=\"instagram-media\" style=\"background: #ffffff;border: 0;margin: 1px;width: 100%;padding: 0;max-width: 500px;\" data-instgrm-permalink=\"https:\/\/www.instagram.com\/p\/DMsu8eQNCe5\/\" data-instgrm-version=\"14\"\/><p>\nDans la maison de Matthieu Chedid, le<br \/>\ncalme comme boussole<\/p>\n<p>\u00c0 quelques pas de la maison, dans le jardin, un autre espace<br \/>\noccupe une place singuli\u00e8re dans son quotidien : \u00ab\u00a0\u00c0 la<br \/>\ncampagne, j\u2019ai la chance d\u2019avoir une <strong>petite cabane dans un<br \/>\nch\u00eane<\/strong>, perch\u00e9e \u00e0 douze m\u00e8tres de hauteur\u00a0\u00bb. Il la<br \/>\npr\u00e9sente sans emphase : \u00ab\u00a0<strong>C\u2019est mon<br \/>\nrefuge<\/strong>\u00ab\u00a0. D\u2019une surface d\u2019environ douze m\u00e8tres carr\u00e9s,<br \/>\ndot\u00e9e d\u2019une terrasse ouverte sur un \u00e9tang, cette <a href=\"https:\/\/www.lejournaldelamaison.fr\/le-journal-de-la-maison\/reportages-maisons\/vianney-cabane-fils-523018.html\" target=\"_blank\" rel=\"noopener\"><br \/>\ncabane lui permet de s\u2019isoler<\/a> pour \u00e9crire, lire et composer,<br \/>\n\u00ab\u00a0en \u00e9tant toujours au calme\u00a0\u00bb, perch\u00e9 comme \u00ab\u00a0un hibou<br \/>\ndans son trou\u00a0\u00bb.<\/p>\n<p>Ce lieu, <a href=\"https:\/\/www.lejournaldelamaison.fr\/le-journal-de-la-maison\/reportages-maisons\/maisons-reportages-maisons\/laurent-luyat-besoin-entendre-oiseaux-nature-manque-maison-famille-isere-532127.html\" target=\"_blank\" rel=\"noopener\"><br \/>\nentre nature et intimit\u00e9<\/a>, r\u00e9sume peut-\u00eatre le mieux ce que<br \/>\nrepr\u00e9sente aujourd\u2019hui la <strong>maison familiale de<br \/>\nSeine-et-Marne<\/strong> pour Matthieu Chedid. Un espace o\u00f9<br \/>\ncohabitent l\u2019homme, le p\u00e8re et l\u2019artiste, sans d\u00e9cor ni mise en<br \/>\nsc\u00e8ne, simplement rythm\u00e9 par la for\u00eat, les animaux, les enfants et<br \/>\nle temps retrouv\u00e9. Un territoire personnel, fa\u00e7onn\u00e9 par des gestes<br \/>\nquotidiens, qui <strong>offre au musicien l\u2019\u00e9quilibre<\/strong><br \/>\nn\u00e9cessaire pour continuer \u00e0 avancer.<\/p>\n<p><script async src=\"\/\/www.instagram.com\/embed.js\"><\/script><\/p>\n","protected":false},"excerpt":{"rendered":"\u00c0 l\u2019\u00e9cart des tourn\u00e9es, des studios et du tumulte parisien, Matthieu Chedid a trouv\u00e9 un autre tempo. Le&hellip;\n","protected":false},"author":2,"featured_media":651519,"comment_status":"","ping_status":"","sticky":false,"template":"","format":"standard","meta":{"footnotes":""},"categories":[1359],"tags":[3031,2511,20123,75574,75576,1805,154,58,3026,59,75575,12219,13108,1011,27,17922,7018,70795,2142,12650,37135,12413,2403,973,59498,10649,13527,9066],"class_list":{"0":"post-651518","1":"post","2":"type-post","3":"status-publish","4":"format-standard","5":"has-post-thumbnail","7":"category-people","8":"tag-au","9":"tag-cest","10":"tag-champs","11":"tag-chedid","12":"tag-darbres","13":"tag-de","14":"tag-des","15":"tag-divertissement","16":"tag-en","17":"tag-entertainment","18":"tag-entouree","19":"tag-et","20":"tag-familiale","21":"tag-fr","22":"tag-france","23":"tag-havre","24":"tag-lieu","25":"tag-magnifiques","26":"tag-maison","27":"tag-marne","28":"tag-matthieu","29":"tag-milieu","30":"tag-paix","31":"tag-people","32":"tag-remarquable","33":"tag-sa","34":"tag-seine","35":"tag-un"},"share_on_mastodon":{"url":"https:\/\/pubeurope.com\/@fr\/115864834143373364","error":""},"_links":{"self":[{"href":"https:\/\/www.europesays.com\/fr\/wp-json\/wp\/v2\/posts\/651518","targetHints":{"allow":["GET"]}}],"collection":[{"href":"https:\/\/www.europesays.com\/fr\/wp-json\/wp\/v2\/posts"}],"about":[{"href":"https:\/\/www.europesays.com\/fr\/wp-json\/wp\/v2\/types\/post"}],"author":[{"embeddable":true,"href":"https:\/\/www.europesays.com\/fr\/wp-json\/wp\/v2\/users\/2"}],"replies":[{"embeddable":true,"href":"https:\/\/www.europesays.com\/fr\/wp-json\/wp\/v2\/comments?post=651518"}],"version-history":[{"count":0,"href":"https:\/\/www.europesays.com\/fr\/wp-json\/wp\/v2\/posts\/651518\/revisions"}],"wp:featuredmedia":[{"embeddable":true,"href":"https:\/\/www.europesays.com\/fr\/wp-json\/wp\/v2\/media\/651519"}],"wp:attachment":[{"href":"https:\/\/www.europesays.com\/fr\/wp-json\/wp\/v2\/media?parent=651518"}],"wp:term":[{"taxonomy":"category","embeddable":true,"href":"https:\/\/www.europesays.com\/fr\/wp-json\/wp\/v2\/categories?post=651518"},{"taxonomy":"post_tag","embeddable":true,"href":"https:\/\/www.europesays.com\/fr\/wp-json\/wp\/v2\/tags?post=651518"}],"curies":[{"name":"wp","href":"https:\/\/api.w.org\/{rel}","templated":true}]}}