{"id":651522,"date":"2026-01-09T11:12:10","date_gmt":"2026-01-09T11:12:10","guid":{"rendered":"https:\/\/www.europesays.com\/fr\/651522\/"},"modified":"2026-01-09T11:12:10","modified_gmt":"2026-01-09T11:12:10","slug":"audiences-access-20h-quotidien-degringole-sur-tmc-et-se-fait-doubler-par-cyril-hanouna-sur-w9-record-pour-la-bataille-la-malediction-de-lile-sur-tfx","status":"publish","type":"post","link":"https:\/\/www.europesays.com\/fr\/651522\/","title":{"rendered":"Audiences access 20h : \u00ab\u00a0Quotidien\u00a0\u00bb d\u00e9gringole sur TMC et se fait doubler par Cyril Hanouna sur W9, record pour \u00ab\u00a0La bataille : la mal\u00e9diction de l&rsquo;\u00eele\u00a0\u00bb sur TFX"},"content":{"rendered":"<p>La suite apr\u00e8s la publicit\u00e9<\/p>\n<p>Les JT<\/p>\n<p>Le \u00ab\u00a020 Heures\u00a0\u00bb de TF1 \u2013 <a href=\"https:\/\/www.ozap.com\/personnalite\/gilles-bouleau_e143149\" target=\"_blank\" rel=\"noopener\">Gilles Bouleau<\/a> (19h58-20h40) : <strong>5,15 millions (25,4%)<\/strong><br \/>Le \u00ab\u00a020 Heures\u00a0\u00bb de France 2 (19h58-20h27) \u2013 <a href=\"https:\/\/www.ozap.com\/personnalite\/lea-salame_e149105\" target=\"_blank\" rel=\"noopener\">L\u00e9a Salam\u00e9<\/a> :<strong> 4,02 millions (20%)<\/strong><br \/>Le \u00ab\u00a020 Heures\u00a0\u00bb de France 2 (20h27-20h42) \u2013 L\u00e9a Salam\u00e9 :<strong> 3,95 millions (19,2%)<\/strong><br \/>\u00ab\u00a0Le 19.45\u00a0\u00bb de M6 (19h48-20h21) &#8211; <a href=\"https:\/\/www.ozap.com\/personnalite\/xavier-de-moulins_e24038\" target=\"_blank\" rel=\"noopener\">Xavier de Moulins<\/a> :<strong> 2,11 millions (10,9%)<\/strong><\/p>\n<p>Sur TF1, le \u00ab\u00a020 Heures\u00a0\u00bb de Gilles Bouleau perd 400.000 curieux sur une journ\u00e9e. Toujours largement leader, le rendez-vous d&rsquo;information de la Une devan\u00e7ait celui de France 2 de plus de 1,13 million de fid\u00e8les hier soir (VS 1,3 million la veille). Il perd 1,9 point d&rsquo;audience en 24 heures.<br \/>En face, L\u00e9a Salam\u00e9 reste au-dessus des 4 millions de t\u00e9l\u00e9spectateurs mais chute \u00e9galement. Le JT de France 2 perd 0,6 point de part d&rsquo;audience par rapport \u00e0 la veille. La P2 reste sous les 4 millions de fid\u00e8les et perd 0,4 point de PDA sur 24 heures.<br \/>Sur M6, \u00ab\u00a0Le 19.45\u00a0\u00bb de Xavier de Moulins est en tr\u00e8s l\u00e9ger repli avec 0,11 point perdu vs la veille.<\/p>\n<p>A lire aussi : <a href=\"https:\/\/www.ozap.com\/actu\/audiences-3-mois-apres-son-arrivee-aux-commandes-du-20-heures-de-france-2-lea-salame-a-t-elle-fait-mieux-que-anne-sophie-lapix\/652695\" target=\"_blank\" rel=\"noopener\"><strong>Audiences : 3 mois apr\u00e8s son arriv\u00e9e aux commandes du \u00ab\u00a020 Heures\u00a0\u00bb de France 2, L\u00e9a Salam\u00e9 a-t-elle fait mieux que Anne-Sophie Lapix ?<\/strong><\/a><\/p>\n<p><strong>Les talks<\/strong><\/p>\n<p>\u00ab\u00a0Tout beau, tout n9uf\u00a0\u00bb (W9 \/ 21h03-21h15) :<strong> 1,66 million (8,4%)<\/strong><br \/>\u00ab\u00a0Tout beau, tout n9uf &#8211; deuxi\u00e8me partie\u00a0\u00bb (W9 \/ 20h11-21h03) :<strong> 1,29 million (6,3%)<\/strong><\/p>\n<p>\u00ab\u00a0Quotidien\u00a0\u00bb (TMC \/ 21h04-21h18) :<strong> 1,60 million (8,2%)<\/strong><br \/>\u00ab\u00a0Quotidien\u00a0\u00bb \u2013 partie 2 (TMC \/ 20h13-21h04) :<strong> \u00a01,19 million (5,8%)<\/strong><br \/>\u00a0<br \/>\u00ab\u00a0C \u00e0 vous, la suite\u00a0\u00bb (France 5 \/ 20h49-21h03) :<strong> \u00a01,13 million (5,6%)<\/strong><br \/>\u00ab\u00a0C \u00e0 vous, la suite\u00a0\u00bb (France 5 \/ 20h04-20h49) : <strong>750.000 (3,7%)<\/strong><\/p>\n<p>\u00ab\u00a028 minutes\u00a0\u00bb (Arte \/ 20h06-20h53) : <strong>743.000 (3,6%)<\/strong><\/p>\n<p>\u00ab\u00a0En apart\u00e9\u00a0\u00bb (Canal+ \/ 20h34-21h06) :<strong> 34.000 (0,2%)<\/strong><\/p>\n<p>Sur W9, Cyril Hanouna repart \u00e0 la baisse (-1 point sur 24 heures). La derni\u00e8re partie de \u00ab\u00a0Tout beau, tout n9uf\u00a0\u00bbr\u00e9ussit tout de m\u00eame \u00e0 d\u00e9passer celle de son concurrent direct, \u00ab\u00a0Quotidien\u00a0\u00bb.<br \/>Sur TMC, la derni\u00e8re partie de \u00ab\u00a0Quotidien\u00a0\u00bb perd 400.000 t\u00e9l\u00e9spectateurs sur une journ\u00e9e et 2,1 points de PDA.<br \/>Sur France 5, la derni\u00e8re partie de \u00ab\u00a0C \u00e0 vous, la suite\u00a0\u00bb est en progression (+0,6 point de PDA).<\/p>\n<p>A lire aussi : <a href=\"https:\/\/www.ozap.com\/actu\/audiences-3-mois-apres-son-arrivee-sur-w9-cyril-hanouna-fait-il-aussi-bien-avec-tout-beau-tout-neuf-quavec-tpmp-sur-c8\/652699\" target=\"_blank\" rel=\"noopener\"><strong>Audiences : 3 mois apr\u00e8s son arriv\u00e9e sur W9, Cyril Hanouna fait-il aussi bien avec \u00ab\u00a0Tout beau, tout neuf\u00a0\u00bb qu&rsquo;avec \u00ab\u00a0TPMP\u00a0\u00bb sur C8 ?<\/strong><\/a><\/p>\n<p><strong>Les feuilletons<\/strong><\/p>\n<p>\u00ab\u00a0Un si grand soleil\u00a0\u00bb (France 3 \/ 20h45-21h08) :<strong> 2,16 millions (10,7%)<\/strong><br \/>\u00ab\u00a0Sc\u00e8nes de m\u00e9nages\u00a0\u00bb (M6 \/ 20h47-21h00) :<strong> 2,08 millions (10,2%)<\/strong><br \/>\u00ab\u00a0Plus belle la vie, encore plus belle\u00a0\u00bb (TF1 S\u00e9ries Films \/ 20h39-21h02) : <strong>349.000 (1,7%)<\/strong><\/p>\n<p>Les feuilletons de France 3 et M6 sont dans leur moyenne : +0,7 point en 24 heures pour \u00ab\u00a0Un si grand soleil\u00a0\u00bb et &#8211; 0,5 point pour \u00ab\u00a0Sc\u00e8nes de m\u00e9nages\u00a0\u00bb.<\/p>\n<p><strong>Les magazines de sport<\/strong><\/p>\n<p>\u00ab\u00a0Stade 2, la quotidienne\u00a0\u00bb (France 3\/20h) : <strong>3,4%<\/strong><br \/>\u00ab\u00a0Wheeler Dealers France\u00a0\u00bb (RMC D\u00e9couverte \/ 19h50-20h58) :<strong> 179.000 (0,9%)<\/strong><\/p>\n<p>Sur RMC D\u00e9couverte, \u00ab\u00a0Wheeler Dealers France\u00a0\u00bb repasse sous les 200.000 fid\u00e8les.<\/p>\n<p><strong>L&rsquo;\u00e9mission de t\u00e9l\u00e9-r\u00e9alit\u00e9<\/strong><\/p>\n<p>\u00ab\u00a0La bataille : la mal\u00e9diction de l&rsquo;\u00eele\u00a0\u00bb (TFX \/20h00-20h58) :<strong> 302.000 (1,5%)<\/strong><\/p>\n<p>Sur TFX, \u00ab\u00a0La bataille : la mal\u00e9diction de l&rsquo;\u00eele\u00a0\u00bb signe son record d&rsquo;audience de la saison en d\u00e9passant les 300.000 t\u00e9l\u00e9spectateurs pour la premi\u00e8re fois.\u00a0<\/p>\n<p>Chiffres M\u00e9diam\u00e9trie.<\/p>\n","protected":false},"excerpt":{"rendered":"La suite apr\u00e8s la publicit\u00e9 Les JT Le \u00ab\u00a020 Heures\u00a0\u00bb de TF1 \u2013 Gilles Bouleau (19h58-20h40) : 5,15&hellip;\n","protected":false},"author":2,"featured_media":651523,"comment_status":"","ping_status":"","sticky":false,"template":"","format":"standard","meta":{"footnotes":""},"categories":[1356],"tags":[58,59,1011,27,252,1364],"class_list":{"0":"post-651522","1":"post","2":"type-post","3":"status-publish","4":"format-standard","5":"has-post-thumbnail","7":"category-television","8":"tag-divertissement","9":"tag-entertainment","10":"tag-fr","11":"tag-france","12":"tag-television","13":"tag-tv"},"share_on_mastodon":{"url":"https:\/\/pubeurope.com\/@fr\/115864845941324602","error":""},"_links":{"self":[{"href":"https:\/\/www.europesays.com\/fr\/wp-json\/wp\/v2\/posts\/651522","targetHints":{"allow":["GET"]}}],"collection":[{"href":"https:\/\/www.europesays.com\/fr\/wp-json\/wp\/v2\/posts"}],"about":[{"href":"https:\/\/www.europesays.com\/fr\/wp-json\/wp\/v2\/types\/post"}],"author":[{"embeddable":true,"href":"https:\/\/www.europesays.com\/fr\/wp-json\/wp\/v2\/users\/2"}],"replies":[{"embeddable":true,"href":"https:\/\/www.europesays.com\/fr\/wp-json\/wp\/v2\/comments?post=651522"}],"version-history":[{"count":0,"href":"https:\/\/www.europesays.com\/fr\/wp-json\/wp\/v2\/posts\/651522\/revisions"}],"wp:featuredmedia":[{"embeddable":true,"href":"https:\/\/www.europesays.com\/fr\/wp-json\/wp\/v2\/media\/651523"}],"wp:attachment":[{"href":"https:\/\/www.europesays.com\/fr\/wp-json\/wp\/v2\/media?parent=651522"}],"wp:term":[{"taxonomy":"category","embeddable":true,"href":"https:\/\/www.europesays.com\/fr\/wp-json\/wp\/v2\/categories?post=651522"},{"taxonomy":"post_tag","embeddable":true,"href":"https:\/\/www.europesays.com\/fr\/wp-json\/wp\/v2\/tags?post=651522"}],"curies":[{"name":"wp","href":"https:\/\/api.w.org\/{rel}","templated":true}]}}