{"id":651536,"date":"2026-01-09T11:20:13","date_gmt":"2026-01-09T11:20:13","guid":{"rendered":"https:\/\/www.europesays.com\/fr\/651536\/"},"modified":"2026-01-09T11:20:13","modified_gmt":"2026-01-09T11:20:13","slug":"donald-trump-affirme-avoir-annule-une-seconde-attaque-contre-le-pays-apres-que-caracas-a-libere-des-prisonniers","status":"publish","type":"post","link":"https:\/\/www.europesays.com\/fr\/651536\/","title":{"rendered":"Donald Trump affirme avoir \u00ab\u00a0annul\u00e9\u00a0\u00bb une seconde attaque contre le pays, apr\u00e8s que Caracas a lib\u00e9r\u00e9 des prisonniers"},"content":{"rendered":"<p>   Caracas n\u2019est pas \u00ab\u00a0soumis\u00a0\u00bb \u00e0 Washington, d\u00e9clare la pr\u00e9sidente par int\u00e9rim du Venezuela               <img decoding=\"async\" class=\"post__live-container--img post__space-node\"  src=\"https:\/\/www.europesays.com\/fr\/wp-content\/uploads\/2026\/01\/1387405_ftp-1-3rqxetdul9wx-2026-01-09t005755z-1576397403-rc2bxiavgg5j-rtrmadp-3-usa-venezuela-victim.jpeg\" data- alt=\"Delcy Rodriguez, pr\u00e9sidente par int\u00e9rim du Venezuela, accompagn\u00e9e du ministre de la d\u00e9fense, Vladimir Padrino Lopez, lors de la c\u00e9r\u00e9monie en hommage aux militaires et aux membres des forces de s\u00e9curit\u00e9 v\u00e9n\u00e9zu\u00e9liens et cubains tu\u00e9s lors de l\u2019op\u00e9ration am\u00e9ricaine contre Nicolas Maduro et son \u00e9pouse. A Caracas, le 8\u00a0janvier 2026.\"\/>   Delcy Rodriguez, pr\u00e9sidente par int\u00e9rim du Venezuela, accompagn\u00e9e du ministre de la d\u00e9fense, Vladimir Padrino Lopez, lors de la c\u00e9r\u00e9monie en hommage aux militaires et aux membres des forces de s\u00e9curit\u00e9 v\u00e9n\u00e9zu\u00e9liens et cubains tu\u00e9s lors de l\u2019op\u00e9ration am\u00e9ricaine contre Nicolas Maduro et son \u00e9pouse. A Caracas, le 8\u00a0janvier 2026. LEONARDO FERNANDEZ VILORIA \/ REUTERS               <\/p>\n<p class=\"post__live-container--answer-text post__space-node\">\u00ab\u00a0Nous ne sommes pas subordonn\u00e9s ni soumis\u00a0\u00bb aux Etats-Unis, a d\u00e9clar\u00e9 la pr\u00e9sidente par int\u00e9rim du Venezuela, Delcy Rodriguez, \u00e9voquant \u00e9galement la \u00ab\u00a0loyaut\u00e9 envers le pr\u00e9sident Nicolas Maduro, qui a \u00e9t\u00e9 enlev\u00e9\u00a0\u00bb, lors d\u2019une c\u00e9r\u00e9monie en hommage aux victimes de l\u2019op\u00e9ration des forces am\u00e9ricaines, qui a fait au moins 100 morts, selon les chiffres officiels.<\/p>\n<p class=\"post__live-container--answer-text post__space-node\">\u00ab\u00a0Ici, personne ne s\u2019est rendu. Ici, il y a eu des combats (\u2026), des combats pour cette patrie\u00a0\u00bb, a-t-elle rappel\u00e9.<\/p>\n<p class=\"post__live-container--answer-text post__space-node\">\u00ab\u00a0Nous sommes loyaux envers la premi\u00e8re combattante, la d\u00e9put\u00e9e Cilia Flores, et nous nous sommes engag\u00e9s \u00e0 ne pas nous reposer avant de les voir libres, de retour chez eux et de retour dans leur patrie\u00a0\u00bb, a encore promis Mme Rodriguez.<\/p>\n<p class=\"post__live-container--answer-text post__space-node\">Le pr\u00e9sident am\u00e9ricain, Donald Trump, avait assur\u00e9, de son c\u00f4t\u00e9, que les Etats-Unis allaient \u00ab\u00a0diriger\u00a0\u00bb le Venezuela jusqu\u2019\u00e0 \u00ab\u00a0proc\u00e9der \u00e0 une transition s\u00fbre, appropri\u00e9e et judicieuse\u00a0\u00bb.<\/p>\n<p class=\"post__live-container--answer-text post__space-node\">\u00ab\u00a0Seul l\u2019avenir nous dira\u00a0\u00bb combien de temps Washington entend garder une tutelle sur Caracas, a-t-il ensuite pr\u00e9cis\u00e9, dans un entretien avec The\u00a0New York Times. Interrog\u00e9 pour savoir si la situation durerait trois mois, six mois, un an ou plus, il a r\u00e9pondu\u00a0: \u00ab\u00a0Je dirais\u00a0: beaucoup plus longtemps.\u00a0\u00bb<\/p>\n<p class=\"post__live-container--answer-text post__space-node\">Donald Trump a de nouveau mis en avant la coop\u00e9ration des autorit\u00e9s v\u00e9n\u00e9zu\u00e9liennes depuis la capture de Nicolas Maduro\u00a0: \u00ab\u00a0Ils nous donnent tout ce que nous jugeons n\u00e9cessaire.\u00a0\u00bb \u00ab\u00a0Ils nous traitent avec beaucoup de respect (\u2026). Nous nous entendons tr\u00e8s bien avec l\u2019administration qui est en place maintenant\u00a0\u00bb, a-t-il ajout\u00e9.<\/p>\n","protected":false},"excerpt":{"rendered":"Caracas n\u2019est pas \u00ab\u00a0soumis\u00a0\u00bb \u00e0 Washington, d\u00e9clare la pr\u00e9sidente par int\u00e9rim du Venezuela Delcy Rodriguez, pr\u00e9sidente par int\u00e9rim&hellip;\n","protected":false},"author":2,"featured_media":651537,"comment_status":"","ping_status":"","sticky":false,"template":"","format":"standard","meta":{"footnotes":""},"categories":[5],"tags":[11,1011,27,14,12,28],"class_list":{"0":"post-651536","1":"post","2":"type-post","3":"status-publish","4":"format-standard","5":"has-post-thumbnail","7":"category-international","8":"tag-actualites","9":"tag-fr","10":"tag-france","11":"tag-international","12":"tag-news","13":"tag-world"},"share_on_mastodon":{"url":"https:\/\/pubeurope.com\/@fr\/115864877461520642","error":""},"_links":{"self":[{"href":"https:\/\/www.europesays.com\/fr\/wp-json\/wp\/v2\/posts\/651536","targetHints":{"allow":["GET"]}}],"collection":[{"href":"https:\/\/www.europesays.com\/fr\/wp-json\/wp\/v2\/posts"}],"about":[{"href":"https:\/\/www.europesays.com\/fr\/wp-json\/wp\/v2\/types\/post"}],"author":[{"embeddable":true,"href":"https:\/\/www.europesays.com\/fr\/wp-json\/wp\/v2\/users\/2"}],"replies":[{"embeddable":true,"href":"https:\/\/www.europesays.com\/fr\/wp-json\/wp\/v2\/comments?post=651536"}],"version-history":[{"count":0,"href":"https:\/\/www.europesays.com\/fr\/wp-json\/wp\/v2\/posts\/651536\/revisions"}],"wp:featuredmedia":[{"embeddable":true,"href":"https:\/\/www.europesays.com\/fr\/wp-json\/wp\/v2\/media\/651537"}],"wp:attachment":[{"href":"https:\/\/www.europesays.com\/fr\/wp-json\/wp\/v2\/media?parent=651536"}],"wp:term":[{"taxonomy":"category","embeddable":true,"href":"https:\/\/www.europesays.com\/fr\/wp-json\/wp\/v2\/categories?post=651536"},{"taxonomy":"post_tag","embeddable":true,"href":"https:\/\/www.europesays.com\/fr\/wp-json\/wp\/v2\/tags?post=651536"}],"curies":[{"name":"wp","href":"https:\/\/api.w.org\/{rel}","templated":true}]}}