{"id":651542,"date":"2026-01-09T11:23:12","date_gmt":"2026-01-09T11:23:12","guid":{"rendered":"https:\/\/www.europesays.com\/fr\/651542\/"},"modified":"2026-01-09T11:23:12","modified_gmt":"2026-01-09T11:23:12","slug":"loire-deux-jeunes-interpelles-apres-avoir-tente-de-voler-un-coffre-fort-a-la-fouillouse","status":"publish","type":"post","link":"https:\/\/www.europesays.com\/fr\/651542\/","title":{"rendered":"Loire. Deux jeunes interpell\u00e9s apr\u00e8s avoir tent\u00e9 de voler un coffre-fort \u00e0 La\u00a0Fouillouse"},"content":{"rendered":"<p>Lundi\u00a0en fin de matin\u00e9e, les gendarmes sont intervenus \u00e0 La Fouillouse \u00e0 la suite d\u2019un signalement d\u2019individus suspects.<\/p>\n<p>Un habitant avait aper\u00e7u deux individus encapuchonn\u00e9s, non connus dans le quartier, se dirigeant vers un domicile, munis d\u2019un outil \u00e9lectroportatif de type disqueuse.<\/p>\n<p>Le coffre-fort partiellement d\u00e9coup\u00e9<\/p>\n<p>Sur place, les militaires constatent qu\u2019une fen\u00eatre d\u2019une habitation a \u00e9t\u00e9 forc\u00e9e et d\u00e9couvrent, \u00e0 l\u2019int\u00e9rieur, un coffre-fort extrait d\u2019un placard et partiellement d\u00e9coup\u00e9, ainsi que l\u2019outil utilis\u00e9 pour tenter de l\u2019ouvrir.<\/p>\n<p>Les premi\u00e8res v\u00e9rifications, notamment gr\u00e2ce \u00e0 la vid\u00e9oprotection, permettent d\u2019identifier les v\u00e9hicules utilis\u00e9s pour l\u2019approche et la fuite des auteurs.<\/p>\n<p>Ces derniers sont rapidement identifi\u00e9s\u00a0: il s\u2019agit de deux jeunes hommes \u00e2g\u00e9s de 19 ans habitant respectivement \u00e0 Saint-\u00c9tienne et Montrond-les-Bains.<\/p>\n<p>Interpell\u00e9s et plac\u00e9s en garde \u00e0 vue, ils ont reconnu les faits. Ils font l\u2019objet d\u2019une double convocation judiciaire (comparution sur reconnaissance pr\u00e9alable de culpabilit\u00e9 et convocation par officier de police judiciaire) en septembre.<\/p>\n","protected":false},"excerpt":{"rendered":"Lundi\u00a0en fin de matin\u00e9e, les gendarmes sont intervenus \u00e0 La Fouillouse \u00e0 la suite d\u2019un signalement d\u2019individus suspects.&hellip;\n","protected":false},"author":2,"featured_media":651543,"comment_status":"","ping_status":"","sticky":false,"template":"","format":"standard","meta":{"footnotes":""},"categories":[9653],"tags":[1111,11,2430,271,272,7539,1777,674,274,1011,27,12296,3367,12,25,4001,9664],"class_list":{"0":"post-651542","1":"post","2":"type-post","3":"status-publish","4":"format-standard","5":"has-post-thumbnail","7":"category-saint-etienne","8":"tag-actu","9":"tag-actualites","10":"tag-auvergne-rhone-alpes","11":"tag-crime","12":"tag-delit-et-contravention","13":"tag-edition-loire-sud","14":"tag-eu","15":"tag-europe","16":"tag-faits-divers-justice","17":"tag-fr","18":"tag-france","19":"tag-la-fouillouse","20":"tag-loire","21":"tag-news","22":"tag-republique-francaise","23":"tag-saint-etienne","24":"tag-saint-etienne-bassin"},"share_on_mastodon":{"url":"https:\/\/pubeurope.com\/@fr\/115864889234944008","error":""},"_links":{"self":[{"href":"https:\/\/www.europesays.com\/fr\/wp-json\/wp\/v2\/posts\/651542","targetHints":{"allow":["GET"]}}],"collection":[{"href":"https:\/\/www.europesays.com\/fr\/wp-json\/wp\/v2\/posts"}],"about":[{"href":"https:\/\/www.europesays.com\/fr\/wp-json\/wp\/v2\/types\/post"}],"author":[{"embeddable":true,"href":"https:\/\/www.europesays.com\/fr\/wp-json\/wp\/v2\/users\/2"}],"replies":[{"embeddable":true,"href":"https:\/\/www.europesays.com\/fr\/wp-json\/wp\/v2\/comments?post=651542"}],"version-history":[{"count":0,"href":"https:\/\/www.europesays.com\/fr\/wp-json\/wp\/v2\/posts\/651542\/revisions"}],"wp:featuredmedia":[{"embeddable":true,"href":"https:\/\/www.europesays.com\/fr\/wp-json\/wp\/v2\/media\/651543"}],"wp:attachment":[{"href":"https:\/\/www.europesays.com\/fr\/wp-json\/wp\/v2\/media?parent=651542"}],"wp:term":[{"taxonomy":"category","embeddable":true,"href":"https:\/\/www.europesays.com\/fr\/wp-json\/wp\/v2\/categories?post=651542"},{"taxonomy":"post_tag","embeddable":true,"href":"https:\/\/www.europesays.com\/fr\/wp-json\/wp\/v2\/tags?post=651542"}],"curies":[{"name":"wp","href":"https:\/\/api.w.org\/{rel}","templated":true}]}}