{"id":651544,"date":"2026-01-09T11:24:11","date_gmt":"2026-01-09T11:24:11","guid":{"rendered":"https:\/\/www.europesays.com\/fr\/651544\/"},"modified":"2026-01-09T11:24:11","modified_gmt":"2026-01-09T11:24:11","slug":"ol-les-supporters-regrettent-linterdiction-de-deplacement","status":"publish","type":"post","link":"https:\/\/www.europesays.com\/fr\/651544\/","title":{"rendered":"OL : les supporters regrettent l&rsquo;interdiction de d\u00e9placement"},"content":{"rendered":"<p>                            <img width=\"770\" height=\"433\" src=\"https:\/\/www.europesays.com\/fr\/wp-content\/uploads\/2026\/01\/WhatsApp-Image-2022-06-01-at-23.02.44-770x433.jpeg\" class=\"attachment-article size-article wp-post-image\" alt=\"\" decoding=\"async\" fetchpriority=\"high\"  \/><\/p>\n<p>Ils \u00e9taient 2000 supporters de l\u2019OL \u00e0 \u00eatre pr\u00e9sents mercredi contre Issy.<\/p>\n<p>Mercredi, la pr\u00e9fecture de la Loire a publi\u00e9 un arr\u00eat\u00e9 interdisant la venue des supporters de l&rsquo;OL Lyonnes pour le derby de samedi en Coupe de France. Un choix critiqu\u00e9 par les OL Ang&rsquo;Elles.<\/p>\n<p>Un derby a toujours une saveur \u00e0 part, m\u00eame chez les f\u00e9minines. Mais celui de samedi en Coupe de France aura tout de m\u00eame un dr\u00f4le de go\u00fbt. Entre une <a href=\"https:\/\/www.olympique-et-lyonnais.com\/changement-de-stade-pour-saint-etienne-ol-lyonnes,388068.html#google_vignette\" target=\"_blank\" rel=\"noopener\">programmation chaotique<\/a> \u00e0 cause de la m\u00e9t\u00e9o et <a href=\"https:\/\/www.olympique-et-lyonnais.com\/as-saint-etienne-ol-lyonnes-les-supporters-lyonnais-interdits-de-deplacement,388133.html\" target=\"_blank\" rel=\"noopener\">l&rsquo;interdiction<\/a> pour les supporters de l&rsquo;OL Lyonnes d&rsquo;y assister officiellement, la f\u00eate est un peu g\u00e2ch\u00e9e.<\/p>\n<p>Mercredi, la pr\u00e9fecture de la Loire a publi\u00e9 un arr\u00eat\u00e9 afin de contraindre les fans rhodaniens dans leur d\u00e9placement vers le Forez. Ils ne pourront donc pas assister au 16e de finale <a href=\"https:\/\/www.olympique-et-lyonnais.com\/coupe-de-france-feminine-romy-fournier-au-sifflet-dasse-ol-lyonnes,387946.html\" target=\"_blank\" rel=\"noopener\">entre l&rsquo;ASSE<\/a> et leur club de c\u0153ur \u00e0 l&rsquo;Etrat. Sauf \u00e0 \u00eatre tr\u00e8s discrets en n&rsquo;affichant pas leurs couleurs. <\/p>\n<p>Le silence de la FFF d\u00e9nonc\u00e9<\/p>\n<p>Dans la foul\u00e9e, l&rsquo;un des groupes de suiveurs des championnes de France a post\u00e9 un communiqu\u00e9. Les OL Ang&rsquo;Elles estiment \u00ab\u00a0profond\u00e9ment injuste que les supporters de football f\u00e9minin soient proscrits de stade \u00e0 cause des d\u00e9bordements\u00a0\u00bb dans le giron du ballon rond masculin. \u00ab\u00a0Nous sommes sanctionn\u00e9s pour des faits qui ne nous concernent pas\u00a0\u00bb, ajoute le collectif.<\/p>\n<p>L&rsquo;association regrette une \u00ab\u00a0d\u00e9cision de facilit\u00e9\u00a0\u00bb des institutions. Elle pointe aussi du doigt Saint-\u00c9tienne, qui, selon elle, ne \u00ab\u00a0met pas les moyens n\u00e9cessaires pour encadrer et s\u00e9curiser l&rsquo;\u00e9v\u00e8nement\u00a0\u00bb. D\u00e9non\u00e7ant le sentiment \u00ab\u00a0d&rsquo;abandon\u00a0\u00bb, l&rsquo;organisation rappelle que la FFF \u00e9tait d\u00e9j\u00e0 rest\u00e9e silencieuse en septembre lors du dernier voyage (0-2). \u00ab\u00a0C&rsquo;est tout le football f\u00e9minin qui est affaibli\u00a0\u00bb, concluent les OL Ang&rsquo;Elles.<\/p>\n","protected":false},"excerpt":{"rendered":"Ils \u00e9taient 2000 supporters de l\u2019OL \u00e0 \u00eatre pr\u00e9sents mercredi contre Issy. Mercredi, la pr\u00e9fecture de la Loire&hellip;\n","protected":false},"author":2,"featured_media":651545,"comment_status":"","ping_status":"","sticky":false,"template":"","format":"standard","meta":{"footnotes":""},"categories":[9653],"tags":[1111,11,2430,83,1777,674,1011,27,12,23183,25,4001,10221],"class_list":{"0":"post-651544","1":"post","2":"type-post","3":"status-publish","4":"format-standard","5":"has-post-thumbnail","7":"category-saint-etienne","8":"tag-actu","9":"tag-actualites","10":"tag-auvergne-rhone-alpes","11":"tag-coupe-de-france","12":"tag-eu","13":"tag-europe","14":"tag-fr","15":"tag-france","16":"tag-news","17":"tag-ol-lyonnes","18":"tag-republique-francaise","19":"tag-saint-etienne","20":"tag-supporters"},"share_on_mastodon":{"url":"https:\/\/pubeurope.com\/@fr\/115864893168590550","error":""},"_links":{"self":[{"href":"https:\/\/www.europesays.com\/fr\/wp-json\/wp\/v2\/posts\/651544","targetHints":{"allow":["GET"]}}],"collection":[{"href":"https:\/\/www.europesays.com\/fr\/wp-json\/wp\/v2\/posts"}],"about":[{"href":"https:\/\/www.europesays.com\/fr\/wp-json\/wp\/v2\/types\/post"}],"author":[{"embeddable":true,"href":"https:\/\/www.europesays.com\/fr\/wp-json\/wp\/v2\/users\/2"}],"replies":[{"embeddable":true,"href":"https:\/\/www.europesays.com\/fr\/wp-json\/wp\/v2\/comments?post=651544"}],"version-history":[{"count":0,"href":"https:\/\/www.europesays.com\/fr\/wp-json\/wp\/v2\/posts\/651544\/revisions"}],"wp:featuredmedia":[{"embeddable":true,"href":"https:\/\/www.europesays.com\/fr\/wp-json\/wp\/v2\/media\/651545"}],"wp:attachment":[{"href":"https:\/\/www.europesays.com\/fr\/wp-json\/wp\/v2\/media?parent=651544"}],"wp:term":[{"taxonomy":"category","embeddable":true,"href":"https:\/\/www.europesays.com\/fr\/wp-json\/wp\/v2\/categories?post=651544"},{"taxonomy":"post_tag","embeddable":true,"href":"https:\/\/www.europesays.com\/fr\/wp-json\/wp\/v2\/tags?post=651544"}],"curies":[{"name":"wp","href":"https:\/\/api.w.org\/{rel}","templated":true}]}}